{"id":313,"date":"2019-11-28T07:30:00","date_gmt":"2019-11-28T05:30:00","guid":{"rendered":"https:\/\/www.marjawickman.com\/mustaovi\/2019\/11\/minulla-on-jouluksi-vain-yksi-toive-2\/"},"modified":"2020-09-25T16:36:58","modified_gmt":"2020-09-25T13:36:58","slug":"minulla-on-jouluksi-vain-yksi-toive","status":"publish","type":"post","link":"https:\/\/www.marjawickman.com\/mustaovi\/2019\/11\/minulla-on-jouluksi-vain-yksi-toive.html","title":{"rendered":"MINULLA ON JOULUKSI VAIN YKSI TOIVE"},"content":{"rendered":"\n<figure class=\"wp-block-image\"><a href=\"https:\/\/www.marjawickman.com\/mustaovi\/wp-content\/uploads\/2019\/11\/Copyrights_Mustaovi_IiittalaJoulu_k10-1.jpg\"><img decoding=\"async\" src=\"https:\/\/www.marjawickman.com\/mustaovi\/wp-content\/uploads\/2019\/11\/Copyrights_Mustaovi_IiittalaJoulu_k10-1.jpg\" alt=\"\"\/><\/a><\/figure>\n\n\n\n<figure class=\"wp-block-image\"><a href=\"https:\/\/www.marjawickman.com\/mustaovi\/wp-content\/uploads\/2019\/11\/Copyrights_Mustaovi_IiittalaJoulu_k09-1.jpg\"><img decoding=\"async\" src=\"https:\/\/www.marjawickman.com\/mustaovi\/wp-content\/uploads\/2019\/11\/Copyrights_Mustaovi_IiittalaJoulu_k09-1.jpg\" alt=\"\"\/><\/a><\/figure>\n\n\n\n<p>T\u00e4m\u00e4 on viides joulu t\u00e4ss\u00e4 osoitteessa. Muistan niist\u00e4 kaksi edellist\u00e4, joista viimeisimp\u00e4n\u00e4 nukuin l\u00e4hes kolme vuorokautta putkeen. Vaikka muistikuvia aatosta tapaninp\u00e4iv\u00e4\u00e4n ei liiemmin ole, muistan, ett\u00e4 se joulu meni t\u00e4ysin ohitse.<\/p>\n\n\n\n<p>Ehk\u00e4p\u00e4 hetki ennen joulua olen yritt\u00e4nyt tsempata itse\u00e4ni ottamaan taas yhden joulun vastaan, sill\u00e4 kirjoitin blogiin n\u00e4in:<\/p>\n\n\n\n<p><em>Oman el\u00e4m\u00e4ni varrelle on mahtunut monenlaisia jouluja. Jouluja sukulaisten ymp\u00e4r\u00f6im\u00e4n\u00e4 sek\u00e4 aattoja maapallon toisella puolella. Olen viett\u00e4nyt joulua yst\u00e4vien kanssa sek\u00e4 yksin kotona. Yht\u00e4 kaikki, jokaisesta joulusta on j\u00e4\u00e4nyt jokin muisto. Se saattaa olla hyvinkin kepe\u00e4 ja joskus my\u00f6s todella kipe\u00e4. Yhteist\u00e4 kaikille jouluille on se, ett\u00e4 se tulee joka vuosi. Mik\u00e4li t\u00e4m\u00e4 tieto ahdistaa, lohduttavinta on se, ett\u00e4 ainakin joissain m\u00e4\u00e4rin voi itse vaikuttaa millaisella asenteella sen ottaa vastaan.<\/em><\/p>\n\n\n\n<h3 class=\"wp-block-heading\"><em>LUE LIS\u00c4\u00c4: <a href=\"https:\/\/marjawickman.com\/mustaovi\/2018\/11\/elamaan-mahtuu-monenlaisia-jouluja.html\" target=\"_blank\" rel=\"noreferrer noopener\">EL\u00c4M\u00c4\u00c4N MAHTUU MONENLAISIA JOULUJA<\/a><\/em><\/h3>\n\n\n\n<figure class=\"wp-block-image\"><a href=\"https:\/\/www.marjawickman.com\/mustaovi\/wp-content\/uploads\/2019\/11\/Copyrights_Mustaovi_Piparikranssi28129-1440x959.jpg\"><img decoding=\"async\" src=\"https:\/\/www.marjawickman.com\/mustaovi\/wp-content\/uploads\/2019\/11\/Copyrights_Mustaovi_Piparikranssi28129-1440x959.jpg\" alt=\"\"\/><\/a><\/figure>\n\n\n\n<h2 class=\"wp-block-heading\">KATSO OHJE: <a href=\"https:\/\/marjawickman.com\/mustaovi\/2017\/12\/joulun-kaunein-ruokalahja.html\" target=\"_blank\" rel=\"noreferrer noopener\"><em>JOULUN KAUNEIN RUOKALAHJA<\/em><\/a><\/h2>\n\n\n\n<p>Joulu 2017 oli onnellisin, jonka olen koskaan viett\u00e4nyt. Sin\u00e4 jouluna hinasin valtavan havunoksan sein\u00e4lle ja leivoin syd\u00e4meni kyllyydest\u00e4. Tammikuussa tein positiivisen raskaustestin.<\/p>\n\n\n\n<p>Sin\u00e4 vuonna kirjoitin joulusta blogiin n\u00e4in:<\/p>\n\n\n\n<p><em>Ei mik\u00e4\u00e4n ihme, ett\u00e4 moni ahdistuu jo lokakuussa, kun ensimm\u00e4iset joulumainokset alkavat py\u00f6ri\u00e4 televisiossa. Tuo sadunomainen tunnelma on varmasti monen mielikuvissa se juuri oikea joulun tunnelma: iloinen ja onnellinen valonjuhla, jossa kaikki hyvin ja kaunista. Jouluun liittyy paljon tunnelatausta ja perinteisesti joulu n\u00e4hd\u00e4\u00e4n perhejuhlana. Jos koti tai tili tai molemmat ovat tyhji\u00e4, piirtyy jouluinen kuva hyvin erilaisena. Silti my\u00f6s n\u00e4ihin koteihin saapuu joulu joka vuosi.&nbsp;<\/em><\/p>\n\n\n\n<p><em>Joulu n\u00e4ytt\u00e4ytyy my\u00f6s toisenlaisena sellaisen ihmisen silmiss\u00e4, jonka mielen on t\u00e4ytt\u00e4nyt syyst\u00e4 tai toisesta v\u00e4symys tai murhe. Silloin kaikki jouluun liittyv\u00e4t valmistelut voivat tuntua niin suurelta taakalta, ett\u00e4 jo pelkk\u00e4 ajatuskin uuvuttaa. Uskoisin monen v\u00e4syneen ottavan ilomielin vastaan kutsun valmiiseen joulup\u00f6yt\u00e4\u00e4n, jos vain suinkin sellainen annettaisiin. T\u00e4ll\u00f6in olisi my\u00f6s t\u00e4rke\u00e4\u00e4, ettei kenenk\u00e4\u00e4n tarvitsisi n\u00e4ytell\u00e4 iloista joulun\u00e4ytelm\u00e4\u00e4 vaan jokainen saisi olla juuri niiss\u00e4 tunnelmissa kuin sattuu sill\u00e4 hetkell\u00e4 olemaan: yhten\u00e4 vuonna iloisissa ja odottavissa, toisena syvi\u00e4 pohjavesi\u00e4 kahlaten, yht\u00e4 kaikki hyv\u00e4ksyttyin\u00e4 ja tervetulleina.<\/em><\/p>\n\n\n\n<h3 class=\"wp-block-heading\"><em>LUE LIS\u00c4\u00c4: <a href=\"https:\/\/marjawickman.com\/mustaovi\/2017\/11\/joulu-on-varjoa-ja-valoa.html\" target=\"_blank\" rel=\"noreferrer noopener\">JOULU ON VARJOA JA VALOA<\/a><\/em><\/h3>\n\n\n\n<p>Jostain syyst\u00e4 joulut 2014-2016 ovat unohtuneet t\u00e4ysin. Noihin vuosiin mahtui paljon ty\u00f6t\u00e4 ja suuria muutoksia, jotka saattavat osaltaan selitt\u00e4\u00e4 muistamattomuuden. Ehk\u00e4p\u00e4 konkreettisin muisto, mit\u00e4 n\u00e4ist\u00e4 jouluista j\u00e4i, on se ettei j\u00e4\u00e4nyt mit\u00e4\u00e4n muistoa.<\/p>\n\n\n\n<figure class=\"wp-block-image\"><a href=\"https:\/\/www.marjawickman.com\/mustaovi\/wp-content\/uploads\/2019\/11\/Copyrights_Mustaovi_IiittalaJoulu_k01-1.jpg\"><img decoding=\"async\" src=\"https:\/\/www.marjawickman.com\/mustaovi\/wp-content\/uploads\/2019\/11\/Copyrights_Mustaovi_IiittalaJoulu_k01-1.jpg\" alt=\"\"\/><\/a><\/figure>\n\n\n\n<figure class=\"wp-block-image\"><a href=\"https:\/\/www.marjawickman.com\/mustaovi\/wp-content\/uploads\/2019\/11\/Copyrights_Mustaovi_IiittalaJoulu_k05-1.jpg\"><img decoding=\"async\" src=\"https:\/\/www.marjawickman.com\/mustaovi\/wp-content\/uploads\/2019\/11\/Copyrights_Mustaovi_IiittalaJoulu_k05-1.jpg\" alt=\"\"\/><\/a><\/figure>\n\n\n\n<figure class=\"wp-block-image\"><a href=\"https:\/\/www.marjawickman.com\/mustaovi\/wp-content\/uploads\/2019\/11\/Copyrights_Mustaovi_IiittalaJoulu_k03-1.jpg\"><img decoding=\"async\" src=\"https:\/\/www.marjawickman.com\/mustaovi\/wp-content\/uploads\/2019\/11\/Copyrights_Mustaovi_IiittalaJoulu_k03-1.jpg\" alt=\"\"\/><\/a><\/figure>\n\n\n\n<p>Minulle joulut ovat aina olleet jollain tapaa ahdistavia. Aatosta Tapaniin p\u00e4\u00e4llimm\u00e4isen\u00e4 tunteena on ollut yksin\u00e4isyys, pohjimmaisena suru. En siis pysty sanomaan, ett\u00e4 olisin koskaan erityisemmin nauttinut joulusta. Tai nimenomaan joulun pyhist\u00e4. Olen my\u00f6s aina ajatellut, ett\u00e4 t\u00e4t\u00e4 ei saa sanoa \u00e4\u00e4neen. Mink\u00e4lainen ihminen ei pid\u00e4 joulusta?<\/p>\n\n\n\n<p>Niinp\u00e4 olen valmistellut joka vuosi joulua niin kuin &#8221;kaikki muutkin&#8221;. Koristellut kodin ja suunnitellut jouluruoat. Fiilistellyt muiden mukana vaikka syv\u00e4ll\u00e4 sisimmiss\u00e4ni olen tuntenut v\u00e4lill\u00e4 kovaakin ahdistusta. Silti joulun valmistelu itsess\u00e4\u00e4n on tuntunut jollain hassulla tapaa todella hyv\u00e4lt\u00e4. Joulun pyh\u00e4t ovat ne, jotka puristavat rintaa.<\/p>\n\n\n\n<p>Jouluna 2017 aloitin jouluvalmistelut jo aikaisin marraskuussa. Muistan sen ilon ja kepeyden, jonka kukkien ja kattauksien parissa puuhastelu sai aikaan. Blogissa kirjoitin asiasta n\u00e4in:<\/p>\n\n\n\n<p><em>Viime vuosina juuri joulun alla on lis\u00e4ksi sattunut niin paljon mielt\u00e4 kuohuttavia asioita, ett\u00e4 millek\u00e4\u00e4n ylim\u00e4\u00e4r\u00e4iselle ei ole riitt\u00e4nyt energiaa. Kunhan on vain selvinnyt aina kulloisestakin p\u00e4iv\u00e4st\u00e4. T\u00e4n\u00e4 vuonna yll\u00e4tin itseni kuitenkin jo marraskuun alussa tekem\u00e4st\u00e4 kotiimme jouluista kukka-asetelmaa. Olen paistanut jo muutaman jouluisen kakun sek\u00e4 koristellut kotiamme tuoksuvin eukalyptuksin, havuin ja kynttil\u00f6in. Olen askarrellut joulukalenterin sek\u00e4 tehnyt erilaisia kattauksia meid\u00e4n ja muiden iloksi. T\u00e4m\u00e4 kaikki kertoo omaa kielt\u00e4\u00e4n siit\u00e4, ett\u00e4 kaikki on t\u00e4ll\u00e4 hetkell\u00e4 el\u00e4m\u00e4ss\u00e4ni hyvin.<\/em><\/p>\n\n\n\n<p>Seuraavasta vuonna ajanlasku alkoi j\u00e4lleen kerran alusta.<\/p>\n\n\n\n<h3 class=\"wp-block-heading\">AIHEESTA LIS\u00c4\u00c4: <a href=\"https:\/\/marjawickman.com\/mustaovi\/2019\/05\/maxille.html\" target=\"_blank\" rel=\"noreferrer noopener\">MAXILLE<\/a><\/h3>\n\n\n\n<figure class=\"wp-block-image\"><a href=\"https:\/\/www.marjawickman.com\/mustaovi\/wp-content\/uploads\/2019\/11\/Copyrights_Mustaovi_IiittalaJoulu_k08-1.jpg\"><img decoding=\"async\" src=\"https:\/\/www.marjawickman.com\/mustaovi\/wp-content\/uploads\/2019\/11\/Copyrights_Mustaovi_IiittalaJoulu_k08-1.jpg\" alt=\"\"\/><\/a><\/figure>\n\n\n\n<figure class=\"wp-block-image\"><a href=\"https:\/\/www.marjawickman.com\/mustaovi\/wp-content\/uploads\/2019\/11\/Copyrights_Mustaovi_IiittalaJoulu_k02-1.jpg\"><img decoding=\"async\" src=\"https:\/\/www.marjawickman.com\/mustaovi\/wp-content\/uploads\/2019\/11\/Copyrights_Mustaovi_IiittalaJoulu_k02-1.jpg\" alt=\"\"\/><\/a><\/figure>\n\n\n\n<figure class=\"wp-block-image\"><a href=\"https:\/\/www.marjawickman.com\/mustaovi\/wp-content\/uploads\/2019\/11\/Copyrights_Mustaovi_IiittalaJoulu_k08-1.jpg\"><img decoding=\"async\" src=\"https:\/\/www.marjawickman.com\/mustaovi\/wp-content\/uploads\/2019\/11\/Copyrights_Mustaovi_IiittalaJoulu_k08-1.jpg\" alt=\"\"\/><\/a><\/figure>\n\n\n\n<figure class=\"wp-block-image\"><a href=\"https:\/\/www.marjawickman.com\/mustaovi\/wp-content\/uploads\/2019\/11\/Copyrights_Mustaovi_IiittalaJoulu_k04-1.jpg\"><img decoding=\"async\" src=\"https:\/\/www.marjawickman.com\/mustaovi\/wp-content\/uploads\/2019\/11\/Copyrights_Mustaovi_IiittalaJoulu_k04-1.jpg\" alt=\"\"\/><\/a><\/figure>\n\n\n\n<p>Ahdistus ja yksin\u00e4isyys ovat konkretisoituneet yleens\u00e4 aina viimeist\u00e4\u00e4n siin\u00e4 vaiheessa, kun puoliso l\u00e4htee aattona puolen p\u00e4iv\u00e4n aikoihin t\u00f6ihin. Vaikka j\u00e4rjell\u00e4 ymm\u00e4rr\u00e4n jouluaaton olevan ihan samanlainen p\u00e4iv\u00e4 kuin mik\u00e4 tahansa muu vuodessa, ja sit\u00e4 joulua voi juhlia muinakin p\u00e4ivin\u00e4 kuin sin\u00e4 kaikkein perinteisimp\u00e4n\u00e4, on sit\u00e4 onnistunut joka vuosi viritt\u00e4m\u00e4\u00e4n itsens\u00e4 sellaiseen itses\u00e4\u00e4liseen tilaan, joka ei hellit\u00e4 koko joulun pyhin\u00e4. Ehk\u00e4p\u00e4 suurin toiveeni kautta aikain onkin ollut se, etten olisi jouluna yksin?<\/p>\n\n\n\n<p>Viime vuonna tiivistin asian blogiin n\u00e4in:<\/p>\n\n\n\n<p><em>Yht\u00e4 kaikki, jokaisella on joulusta jokin mielipide. Yhdet vaalivat perinteit\u00e4 ja toiset j\u00e4tt\u00e4v\u00e4t suosiolla koko joulun v\u00e4liin. Joukkoon mahtuu my\u00f6s ihmisi\u00e4, jotka eiv\u00e4t toivoisi yksin\u00e4isiin juhlapyhiin mit\u00e4\u00e4n muuta, kuin ett\u00e4 saisivat edes hetken olla toisten ihmisten seurassa. Kun koko maailma n\u00e4ytt\u00e4\u00e4 hiljentyneen joulunviettoon voi ulkopuolisuuden tunne tuntua toivottoman pahalta.<\/em><\/p>\n\n\n\n<p><em>Olen my\u00f6s viett\u00e4nyt useamman aaton itsekseni. Kun kulkee ulkona koirien kanssa aaton h\u00e4m\u00e4rtyess\u00e4 iltaan, sit\u00e4 huomaa katseensa k\u00e4\u00e4ntyv\u00e4n kuin vaivihkaa ikkunoiden takana joulua viett\u00e4viin ihmisiin. Kaikki n\u00e4ytt\u00e4\u00e4 ulosp\u00e4in niin idylliselt\u00e4, mutta noidenkin hymyjen takana saattaa piill\u00e4 murheita ja menetyksi\u00e4, joita voi vain aavistaa.<\/em><\/p>\n\n\n\n<p>Kun viimein olen uskaltanut sanoa t\u00e4m\u00e4n \u00e4\u00e4neen, n\u00e4ytt\u00e4\u00e4 silt\u00e4, ett\u00e4 t\u00e4m\u00e4 joulu vietet\u00e4\u00e4n ihan toisenlaisissa merkeiss\u00e4. Olemme vuokranneet m\u00f6kin, jonne koko perhe miest\u00e4 my\u00f6ten suuntaa sopivasti p\u00e4iv\u00e4 ennen aattoa. M\u00f6kki on my\u00f6s sen verran kaukana, ett\u00e4 t\u00f6ihin enn\u00e4tt\u00e4\u00e4 vasta vuoden vaihteen j\u00e4lkeen.<\/p>\n\n\n\n<p>P.S. Menneet joulutunnelmat-haasteen laittoi liikkeelle<a href=\"https:\/\/interiordesignerinspiredbylove.blogspot.com\/2019\/11\/joulun-taikaa-vuosien-takaa.html?\" target=\"_blank\" rel=\"noreferrer noopener\">Inspiredbylove<\/a><strong>. <\/strong>K\u00e4y inspiroitumassa mink\u00e4 n\u00e4k\u00f6ist\u00e4 joulun taikaa Sannan kotoa l\u00f6ytyyk\u00e4\u00e4n.<\/p>\n\n\n\n<h3 class=\"wp-block-heading\">LAHJAIDEOITA<\/h3>\n\n\n\n<p><strong><em><a href=\"https:\/\/marjawickman.com\/mustaovi\/2017\/12\/toisen-turhake-on-toisen-lahja.html\">Toisen turhake on toisen lahja<\/a><br><a href=\"https:\/\/marjawickman.com\/mustaovi\/2017\/12\/joulukukka-tuntemattomalta.html\">Edullinen joulukukka kauniissa purkissa<\/a><br><a href=\"https:\/\/marjawickman.com\/mustaovi\/2017\/12\/sitruunainen-hunajakuorinta-itselle-tai.html\">Itse tehty sitruunainen hunajakuorinta<\/a><br><a href=\"https:\/\/marjawickman.com\/mustaovi\/2017\/12\/joulun-kaunein-ruokalahja.html\">Piparikranssi \u2013 Joulun kaunein ruokalahja<\/a><br><a href=\"https:\/\/marjawickman.com\/mustaovi\/2017\/12\/mita-lahjaksi-joululahjavinkit.html\">Mit\u00e4 lahjaksi &#8211; joululahjavinkit perheelle ja l\u00e4heisille<\/a><\/em><\/strong><\/p>\n\n\n\n<h3 class=\"wp-block-heading\">JOULURESEPTEJ\u00c4<\/h3>\n\n\n\n<p><strong><em><a href=\"https:\/\/marjawickman.com\/mustaovi\/2017\/12\/jouluinen-maustekakku.html\">Joulukakku ja koristeluohjeet<\/a><br><a href=\"https:\/\/marjawickman.com\/mustaovi\/2017\/12\/jouluinen-tomaattihillo.html\">Juuston paras yst\u00e4v\u00e4 \u2013 Jouluinen tomaattihillo-resepti<\/a><br><a href=\"https:\/\/marjawickman.com\/mustaovi\/2017\/12\/joulun-paras-glogiresepti.html\">Joulun paras gl\u00f6gi<\/a><br><a href=\"https:\/\/marjawickman.com\/mustaovi\/2017\/12\/meheva-rommikakku.html\">Maukas ja mehev\u00e4 rommikakku<\/a><br><a href=\"https:\/\/marjawickman.com\/mustaovi\/2017\/12\/saaristolaisleipa.html\">Helppo ja hyv\u00e4 saaristolaisleip\u00e4<\/a><br><a href=\"https:\/\/marjawickman.com\/mustaovi\/2017\/12\/ei-niin-perinteinen-riisipuuro.html\">Ei niin perinteinen riisipuuro<\/a><br><a href=\"https:\/\/marjawickman.com\/mustaovi\/2017\/12\/suussa-sulavat-juustokeksit.html\">Suussa sulavat juustokeksit<\/a><\/em><\/strong><\/p>\n\n\n\n<h3 class=\"wp-block-heading\">DIY<\/h3>\n\n\n\n<p><strong><em><a href=\"https:\/\/marjawickman.com\/mustaovi\/2017\/12\/diy-moderni-messinkihimmeli.html\">Moderni himmeli messinkiputkesta<\/a><br><a href=\"https:\/\/marjawickman.com\/mustaovi\/2017\/12\/vaihtoehto-perinteiselle-jaalyhdylle.html\">Vaihtoehto perinteiselle j\u00e4\u00e4lyhdylle<\/a><br><a href=\"https:\/\/marjawickman.com\/mustaovi\/2017\/12\/huopakori-askarteluohjeet.html\">Pienen huopakorin askarteluohjeet<\/a><\/em><\/strong><\/p>\n","protected":false},"excerpt":{"rendered":"<p>T\u00e4m\u00e4 on viides joulu t\u00e4ss\u00e4 osoitteessa. Muistan niist\u00e4 kaksi edellist\u00e4, joista viimeisimp\u00e4n\u00e4 nukuin l\u00e4hes kolme vuorokautta putkeen. Vaikka muistikuvia aatosta tapaninp\u00e4iv\u00e4\u00e4n ei liiemmin ole, muistan, ett\u00e4 se joulu meni t\u00e4ysin ohitse. Ehk\u00e4p\u00e4 hetki ennen joulua&hellip;<\/p>\n","protected":false},"author":1,"featured_media":0,"comment_status":"open","ping_status":"closed","sticky":false,"template":"","format":"standard","meta":{"footnotes":""},"categories":[34],"tags":[86],"class_list":["post-313","post","type-post","status-publish","format-standard","hentry","category-elama","tag-joulu"],"yoast_head":"<!-- This site is optimized with the Yoast SEO plugin v24.7 - https:\/\/yoast.com\/wordpress\/plugins\/seo\/ -->\n<title>MINULLA ON JOULUKSI VAIN YKSI TOIVE : MUSTAOVI - Vuoden 2016 ja 2017 sisustusblogi<\/title>\n<meta name=\"robots\" content=\"index, follow, max-snippet:-1, max-image-preview:large, max-video-preview:-1\" \/>\n<link rel=\"canonical\" href=\"https:\/\/www.marjawickman.com\/mustaovi\/2019\/11\/minulla-on-jouluksi-vain-yksi-toive.html\" \/>\n<meta property=\"og:locale\" content=\"fi_FI\" \/>\n<meta property=\"og:type\" content=\"article\" \/>\n<meta property=\"og:title\" content=\"MINULLA ON JOULUKSI VAIN YKSI TOIVE : MUSTAOVI - Vuoden 2016 ja 2017 sisustusblogi\" \/>\n<meta property=\"og:description\" content=\"T\u00e4m\u00e4 on viides joulu t\u00e4ss\u00e4 osoitteessa. Muistan niist\u00e4 kaksi edellist\u00e4, joista viimeisimp\u00e4n\u00e4 nukuin l\u00e4hes kolme vuorokautta putkeen. Vaikka muistikuvia aatosta tapaninp\u00e4iv\u00e4\u00e4n ei liiemmin ole, muistan, ett\u00e4 se joulu meni t\u00e4ysin ohitse. Ehk\u00e4p\u00e4 hetki ennen joulua&hellip;\" \/>\n<meta property=\"og:url\" content=\"https:\/\/www.marjawickman.com\/mustaovi\/2019\/11\/minulla-on-jouluksi-vain-yksi-toive.html\" \/>\n<meta property=\"og:site_name\" content=\"MUSTAOVI - Vuoden 2016 ja 2017 sisustusblogi\" \/>\n<meta property=\"article:published_time\" content=\"2019-11-28T05:30:00+00:00\" \/>\n<meta property=\"article:modified_time\" content=\"2020-09-25T13:36:58+00:00\" \/>\n<meta property=\"og:image\" content=\"https:\/\/www.marjawickman.com\/mustaovi\/wp-content\/uploads\/2019\/11\/Copyrights_Mustaovi_IiittalaJoulu_k10-1.jpg\" \/>\n<meta name=\"author\" content=\"marja\" \/>\n<meta name=\"twitter:card\" content=\"summary_large_image\" \/>\n<meta name=\"twitter:label1\" content=\"Kirjoittanut\" \/>\n\t<meta name=\"twitter:data1\" content=\"marja\" \/>\n\t<meta name=\"twitter:label2\" content=\"Arvioitu lukuaika\" \/>\n\t<meta name=\"twitter:data2\" content=\"5 minuuttia\" \/>\n<script type=\"application\/ld+json\" class=\"yoast-schema-graph\">{\"@context\":\"https:\/\/schema.org\",\"@graph\":[{\"@type\":\"Article\",\"@id\":\"https:\/\/www.marjawickman.com\/mustaovi\/2019\/11\/minulla-on-jouluksi-vain-yksi-toive.html#article\",\"isPartOf\":{\"@id\":\"https:\/\/www.marjawickman.com\/mustaovi\/2019\/11\/minulla-on-jouluksi-vain-yksi-toive.html\"},\"author\":{\"name\":\"marja\",\"@id\":\"https:\/\/www.marjawickman.com\/mustaovi\/#\/schema\/person\/a3331fad26c2e4cbdd821a412dd9565d\"},\"headline\":\"MINULLA ON JOULUKSI VAIN YKSI TOIVE\",\"datePublished\":\"2019-11-28T05:30:00+00:00\",\"dateModified\":\"2020-09-25T13:36:58+00:00\",\"mainEntityOfPage\":{\"@id\":\"https:\/\/www.marjawickman.com\/mustaovi\/2019\/11\/minulla-on-jouluksi-vain-yksi-toive.html\"},\"wordCount\":987,\"commentCount\":0,\"publisher\":{\"@id\":\"https:\/\/www.marjawickman.com\/mustaovi\/#\/schema\/person\/a3331fad26c2e4cbdd821a412dd9565d\"},\"image\":{\"@id\":\"https:\/\/www.marjawickman.com\/mustaovi\/2019\/11\/minulla-on-jouluksi-vain-yksi-toive.html#primaryimage\"},\"thumbnailUrl\":\"https:\/\/www.marjawickman.com\/mustaovi\/wp-content\/uploads\/2019\/11\/Copyrights_Mustaovi_IiittalaJoulu_k10-1.jpg\",\"keywords\":[\"joulu\"],\"articleSection\":[\"EL\u00c4M\u00c4\"],\"inLanguage\":\"fi\",\"potentialAction\":[{\"@type\":\"CommentAction\",\"name\":\"Comment\",\"target\":[\"https:\/\/www.marjawickman.com\/mustaovi\/2019\/11\/minulla-on-jouluksi-vain-yksi-toive.html#respond\"]}]},{\"@type\":\"WebPage\",\"@id\":\"https:\/\/www.marjawickman.com\/mustaovi\/2019\/11\/minulla-on-jouluksi-vain-yksi-toive.html\",\"url\":\"https:\/\/www.marjawickman.com\/mustaovi\/2019\/11\/minulla-on-jouluksi-vain-yksi-toive.html\",\"name\":\"MINULLA ON JOULUKSI VAIN YKSI TOIVE : MUSTAOVI - Vuoden 2016 ja 2017 sisustusblogi\",\"isPartOf\":{\"@id\":\"https:\/\/www.marjawickman.com\/mustaovi\/#website\"},\"primaryImageOfPage\":{\"@id\":\"https:\/\/www.marjawickman.com\/mustaovi\/2019\/11\/minulla-on-jouluksi-vain-yksi-toive.html#primaryimage\"},\"image\":{\"@id\":\"https:\/\/www.marjawickman.com\/mustaovi\/2019\/11\/minulla-on-jouluksi-vain-yksi-toive.html#primaryimage\"},\"thumbnailUrl\":\"https:\/\/www.marjawickman.com\/mustaovi\/wp-content\/uploads\/2019\/11\/Copyrights_Mustaovi_IiittalaJoulu_k10-1.jpg\",\"datePublished\":\"2019-11-28T05:30:00+00:00\",\"dateModified\":\"2020-09-25T13:36:58+00:00\",\"breadcrumb\":{\"@id\":\"https:\/\/www.marjawickman.com\/mustaovi\/2019\/11\/minulla-on-jouluksi-vain-yksi-toive.html#breadcrumb\"},\"inLanguage\":\"fi\",\"potentialAction\":[{\"@type\":\"ReadAction\",\"target\":[\"https:\/\/www.marjawickman.com\/mustaovi\/2019\/11\/minulla-on-jouluksi-vain-yksi-toive.html\"]}]},{\"@type\":\"ImageObject\",\"inLanguage\":\"fi\",\"@id\":\"https:\/\/www.marjawickman.com\/mustaovi\/2019\/11\/minulla-on-jouluksi-vain-yksi-toive.html#primaryimage\",\"url\":\"https:\/\/www.marjawickman.com\/mustaovi\/wp-content\/uploads\/2019\/11\/Copyrights_Mustaovi_IiittalaJoulu_k10-1.jpg\",\"contentUrl\":\"https:\/\/www.marjawickman.com\/mustaovi\/wp-content\/uploads\/2019\/11\/Copyrights_Mustaovi_IiittalaJoulu_k10-1.jpg\",\"width\":1066,\"height\":1600},{\"@type\":\"BreadcrumbList\",\"@id\":\"https:\/\/www.marjawickman.com\/mustaovi\/2019\/11\/minulla-on-jouluksi-vain-yksi-toive.html#breadcrumb\",\"itemListElement\":[{\"@type\":\"ListItem\",\"position\":1,\"name\":\"Home\",\"item\":\"https:\/\/www.marjawickman.com\/mustaovi\"},{\"@type\":\"ListItem\",\"position\":2,\"name\":\"MINULLA ON JOULUKSI VAIN YKSI TOIVE\"}]},{\"@type\":\"WebSite\",\"@id\":\"https:\/\/www.marjawickman.com\/mustaovi\/#website\",\"url\":\"https:\/\/www.marjawickman.com\/mustaovi\/\",\"name\":\"MUSTAOVI - Vuoden 2016 ja 2017 sisustusblogi\",\"description\":\"\",\"publisher\":{\"@id\":\"https:\/\/www.marjawickman.com\/mustaovi\/#\/schema\/person\/a3331fad26c2e4cbdd821a412dd9565d\"},\"potentialAction\":[{\"@type\":\"SearchAction\",\"target\":{\"@type\":\"EntryPoint\",\"urlTemplate\":\"https:\/\/www.marjawickman.com\/mustaovi\/?s={search_term_string}\"},\"query-input\":{\"@type\":\"PropertyValueSpecification\",\"valueRequired\":true,\"valueName\":\"search_term_string\"}}],\"inLanguage\":\"fi\"},{\"@type\":[\"Person\",\"Organization\"],\"@id\":\"https:\/\/www.marjawickman.com\/mustaovi\/#\/schema\/person\/a3331fad26c2e4cbdd821a412dd9565d\",\"name\":\"marja\",\"image\":{\"@type\":\"ImageObject\",\"inLanguage\":\"fi\",\"@id\":\"https:\/\/www.marjawickman.com\/mustaovi\/#\/schema\/person\/image\/\",\"url\":\"https:\/\/secure.gravatar.com\/avatar\/5eb2e8be43d452c382f583136174e55d?s=96&d=mm&r=g\",\"contentUrl\":\"https:\/\/secure.gravatar.com\/avatar\/5eb2e8be43d452c382f583136174e55d?s=96&d=mm&r=g\",\"caption\":\"marja\"},\"logo\":{\"@id\":\"https:\/\/www.marjawickman.com\/mustaovi\/#\/schema\/person\/image\/\"},\"description\":\"My name is Maja and this is my blog Musta ovi. The blog is all about a house building, scandinavian design and a loft style. I'll share things and thoughts I like and get inspired.\",\"url\":\"https:\/\/www.marjawickman.com\/mustaovi\/author\/admin\"}]}<\/script>\n<!-- \/ Yoast SEO plugin. -->","yoast_head_json":{"title":"MINULLA ON JOULUKSI VAIN YKSI TOIVE : MUSTAOVI - Vuoden 2016 ja 2017 sisustusblogi","robots":{"index":"index","follow":"follow","max-snippet":"max-snippet:-1","max-image-preview":"max-image-preview:large","max-video-preview":"max-video-preview:-1"},"canonical":"https:\/\/www.marjawickman.com\/mustaovi\/2019\/11\/minulla-on-jouluksi-vain-yksi-toive.html","og_locale":"fi_FI","og_type":"article","og_title":"MINULLA ON JOULUKSI VAIN YKSI TOIVE : MUSTAOVI - Vuoden 2016 ja 2017 sisustusblogi","og_description":"T\u00e4m\u00e4 on viides joulu t\u00e4ss\u00e4 osoitteessa. Muistan niist\u00e4 kaksi edellist\u00e4, joista viimeisimp\u00e4n\u00e4 nukuin l\u00e4hes kolme vuorokautta putkeen. Vaikka muistikuvia aatosta tapaninp\u00e4iv\u00e4\u00e4n ei liiemmin ole, muistan, ett\u00e4 se joulu meni t\u00e4ysin ohitse. Ehk\u00e4p\u00e4 hetki ennen joulua&hellip;","og_url":"https:\/\/www.marjawickman.com\/mustaovi\/2019\/11\/minulla-on-jouluksi-vain-yksi-toive.html","og_site_name":"MUSTAOVI - Vuoden 2016 ja 2017 sisustusblogi","article_published_time":"2019-11-28T05:30:00+00:00","article_modified_time":"2020-09-25T13:36:58+00:00","og_image":[{"url":"https:\/\/www.marjawickman.com\/mustaovi\/wp-content\/uploads\/2019\/11\/Copyrights_Mustaovi_IiittalaJoulu_k10-1.jpg","type":"","width":"","height":""}],"author":"marja","twitter_card":"summary_large_image","twitter_misc":{"Kirjoittanut":"marja","Arvioitu lukuaika":"5 minuuttia"},"schema":{"@context":"https:\/\/schema.org","@graph":[{"@type":"Article","@id":"https:\/\/www.marjawickman.com\/mustaovi\/2019\/11\/minulla-on-jouluksi-vain-yksi-toive.html#article","isPartOf":{"@id":"https:\/\/www.marjawickman.com\/mustaovi\/2019\/11\/minulla-on-jouluksi-vain-yksi-toive.html"},"author":{"name":"marja","@id":"https:\/\/www.marjawickman.com\/mustaovi\/#\/schema\/person\/a3331fad26c2e4cbdd821a412dd9565d"},"headline":"MINULLA ON JOULUKSI VAIN YKSI TOIVE","datePublished":"2019-11-28T05:30:00+00:00","dateModified":"2020-09-25T13:36:58+00:00","mainEntityOfPage":{"@id":"https:\/\/www.marjawickman.com\/mustaovi\/2019\/11\/minulla-on-jouluksi-vain-yksi-toive.html"},"wordCount":987,"commentCount":0,"publisher":{"@id":"https:\/\/www.marjawickman.com\/mustaovi\/#\/schema\/person\/a3331fad26c2e4cbdd821a412dd9565d"},"image":{"@id":"https:\/\/www.marjawickman.com\/mustaovi\/2019\/11\/minulla-on-jouluksi-vain-yksi-toive.html#primaryimage"},"thumbnailUrl":"https:\/\/www.marjawickman.com\/mustaovi\/wp-content\/uploads\/2019\/11\/Copyrights_Mustaovi_IiittalaJoulu_k10-1.jpg","keywords":["joulu"],"articleSection":["EL\u00c4M\u00c4"],"inLanguage":"fi","potentialAction":[{"@type":"CommentAction","name":"Comment","target":["https:\/\/www.marjawickman.com\/mustaovi\/2019\/11\/minulla-on-jouluksi-vain-yksi-toive.html#respond"]}]},{"@type":"WebPage","@id":"https:\/\/www.marjawickman.com\/mustaovi\/2019\/11\/minulla-on-jouluksi-vain-yksi-toive.html","url":"https:\/\/www.marjawickman.com\/mustaovi\/2019\/11\/minulla-on-jouluksi-vain-yksi-toive.html","name":"MINULLA ON JOULUKSI VAIN YKSI TOIVE : MUSTAOVI - Vuoden 2016 ja 2017 sisustusblogi","isPartOf":{"@id":"https:\/\/www.marjawickman.com\/mustaovi\/#website"},"primaryImageOfPage":{"@id":"https:\/\/www.marjawickman.com\/mustaovi\/2019\/11\/minulla-on-jouluksi-vain-yksi-toive.html#primaryimage"},"image":{"@id":"https:\/\/www.marjawickman.com\/mustaovi\/2019\/11\/minulla-on-jouluksi-vain-yksi-toive.html#primaryimage"},"thumbnailUrl":"https:\/\/www.marjawickman.com\/mustaovi\/wp-content\/uploads\/2019\/11\/Copyrights_Mustaovi_IiittalaJoulu_k10-1.jpg","datePublished":"2019-11-28T05:30:00+00:00","dateModified":"2020-09-25T13:36:58+00:00","breadcrumb":{"@id":"https:\/\/www.marjawickman.com\/mustaovi\/2019\/11\/minulla-on-jouluksi-vain-yksi-toive.html#breadcrumb"},"inLanguage":"fi","potentialAction":[{"@type":"ReadAction","target":["https:\/\/www.marjawickman.com\/mustaovi\/2019\/11\/minulla-on-jouluksi-vain-yksi-toive.html"]}]},{"@type":"ImageObject","inLanguage":"fi","@id":"https:\/\/www.marjawickman.com\/mustaovi\/2019\/11\/minulla-on-jouluksi-vain-yksi-toive.html#primaryimage","url":"https:\/\/www.marjawickman.com\/mustaovi\/wp-content\/uploads\/2019\/11\/Copyrights_Mustaovi_IiittalaJoulu_k10-1.jpg","contentUrl":"https:\/\/www.marjawickman.com\/mustaovi\/wp-content\/uploads\/2019\/11\/Copyrights_Mustaovi_IiittalaJoulu_k10-1.jpg","width":1066,"height":1600},{"@type":"BreadcrumbList","@id":"https:\/\/www.marjawickman.com\/mustaovi\/2019\/11\/minulla-on-jouluksi-vain-yksi-toive.html#breadcrumb","itemListElement":[{"@type":"ListItem","position":1,"name":"Home","item":"https:\/\/www.marjawickman.com\/mustaovi"},{"@type":"ListItem","position":2,"name":"MINULLA ON JOULUKSI VAIN YKSI TOIVE"}]},{"@type":"WebSite","@id":"https:\/\/www.marjawickman.com\/mustaovi\/#website","url":"https:\/\/www.marjawickman.com\/mustaovi\/","name":"MUSTAOVI - Vuoden 2016 ja 2017 sisustusblogi","description":"","publisher":{"@id":"https:\/\/www.marjawickman.com\/mustaovi\/#\/schema\/person\/a3331fad26c2e4cbdd821a412dd9565d"},"potentialAction":[{"@type":"SearchAction","target":{"@type":"EntryPoint","urlTemplate":"https:\/\/www.marjawickman.com\/mustaovi\/?s={search_term_string}"},"query-input":{"@type":"PropertyValueSpecification","valueRequired":true,"valueName":"search_term_string"}}],"inLanguage":"fi"},{"@type":["Person","Organization"],"@id":"https:\/\/www.marjawickman.com\/mustaovi\/#\/schema\/person\/a3331fad26c2e4cbdd821a412dd9565d","name":"marja","image":{"@type":"ImageObject","inLanguage":"fi","@id":"https:\/\/www.marjawickman.com\/mustaovi\/#\/schema\/person\/image\/","url":"https:\/\/secure.gravatar.com\/avatar\/5eb2e8be43d452c382f583136174e55d?s=96&d=mm&r=g","contentUrl":"https:\/\/secure.gravatar.com\/avatar\/5eb2e8be43d452c382f583136174e55d?s=96&d=mm&r=g","caption":"marja"},"logo":{"@id":"https:\/\/www.marjawickman.com\/mustaovi\/#\/schema\/person\/image\/"},"description":"My name is Maja and this is my blog Musta ovi. The blog is all about a house building, scandinavian design and a loft style. I'll share things and thoughts I like and get inspired.","url":"https:\/\/www.marjawickman.com\/mustaovi\/author\/admin"}]}},"_links":{"self":[{"href":"https:\/\/www.marjawickman.com\/mustaovi\/wp-json\/wp\/v2\/posts\/313","targetHints":{"allow":["GET"]}}],"collection":[{"href":"https:\/\/www.marjawickman.com\/mustaovi\/wp-json\/wp\/v2\/posts"}],"about":[{"href":"https:\/\/www.marjawickman.com\/mustaovi\/wp-json\/wp\/v2\/types\/post"}],"author":[{"embeddable":true,"href":"https:\/\/www.marjawickman.com\/mustaovi\/wp-json\/wp\/v2\/users\/1"}],"replies":[{"embeddable":true,"href":"https:\/\/www.marjawickman.com\/mustaovi\/wp-json\/wp\/v2\/comments?post=313"}],"version-history":[{"count":4,"href":"https:\/\/www.marjawickman.com\/mustaovi\/wp-json\/wp\/v2\/posts\/313\/revisions"}],"predecessor-version":[{"id":4472,"href":"https:\/\/www.marjawickman.com\/mustaovi\/wp-json\/wp\/v2\/posts\/313\/revisions\/4472"}],"wp:attachment":[{"href":"https:\/\/www.marjawickman.com\/mustaovi\/wp-json\/wp\/v2\/media?parent=313"}],"wp:term":[{"taxonomy":"category","embeddable":true,"href":"https:\/\/www.marjawickman.com\/mustaovi\/wp-json\/wp\/v2\/categories?post=313"},{"taxonomy":"post_tag","embeddable":true,"href":"https:\/\/www.marjawickman.com\/mustaovi\/wp-json\/wp\/v2\/tags?post=313"}],"curies":[{"name":"wp","href":"https:\/\/api.w.org\/{rel}","templated":true}]}}