{"id":4316,"date":"2020-09-12T12:50:55","date_gmt":"2020-09-12T09:50:55","guid":{"rendered":"https:\/\/www.marjawickman.com\/mustaovi\/?p=4316"},"modified":"2020-09-26T14:42:45","modified_gmt":"2020-09-26T11:42:45","slug":"ulkoporeallas-hitti-vai-huti","status":"publish","type":"post","link":"https:\/\/www.marjawickman.com\/mustaovi\/2020\/09\/ulkoporeallas-hitti-vai-huti.html","title":{"rendered":"ULKOPOREALLAS \u2013 HITTI VAI HUTI"},"content":{"rendered":"\n<p class=\"has-text-align-center\">Kaupallinen yhteisty\u00f6: <strong><em><a rel=\"noreferrer noopener\" href=\"https:\/\/www.drop.fi\/\" target=\"_blank\">Drop<\/a><\/em><\/strong> <\/p>\n\n\n\n<figure class=\"wp-block-image size-large\"><img loading=\"lazy\" decoding=\"async\" width=\"1440\" height=\"960\" src=\"https:\/\/www.marjawickman.com\/mustaovi\/wp-content\/uploads\/2020\/09\/Copyrights_marjawickman_k02_Dropallas-3-1440x960.jpg\" alt=\"\" class=\"wp-image-4326\" srcset=\"https:\/\/www.marjawickman.com\/mustaovi\/wp-content\/uploads\/2020\/09\/Copyrights_marjawickman_k02_Dropallas-3-1440x960.jpg 1440w, https:\/\/www.marjawickman.com\/mustaovi\/wp-content\/uploads\/2020\/09\/Copyrights_marjawickman_k02_Dropallas-3-300x200.jpg 300w, https:\/\/www.marjawickman.com\/mustaovi\/wp-content\/uploads\/2020\/09\/Copyrights_marjawickman_k02_Dropallas-3-1536x1024.jpg 1536w, https:\/\/www.marjawickman.com\/mustaovi\/wp-content\/uploads\/2020\/09\/Copyrights_marjawickman_k02_Dropallas-3-2048x1365.jpg 2048w, https:\/\/www.marjawickman.com\/mustaovi\/wp-content\/uploads\/2020\/09\/Copyrights_marjawickman_k02_Dropallas-3-800x533.jpg 800w\" sizes=\"auto, (max-width: 1440px) 100vw, 1440px\" \/><\/figure>\n\n\n\n<p>Kun vasta suunnittelimme taloa, pohdimme altaan sijoittamista terassille. Ensimm\u00e4isiss\u00e4 luonnoksissa altaalle oli piirretty paikka, mutta tarjouspyynt\u00f6 vaiheessa olimme poistaneet suunnitelmista kaikki ylim\u00e4\u00e4r\u00e4iset kustannukset. Suunnitelmista karsiutui pois my\u00f6s terassiin upotettu ulkoporeallas. T\u00e4m\u00e4 tuntui silloin ihan fiksulta p\u00e4\u00e4t\u00f6kselt\u00e4: emmeh\u00e4n<em> (emmep\u00e4!) <\/em>me edes ole kovin intohimoisia kylpij\u00f6it\u00e4.<\/p>\n\n\n\n<p>Kuten el\u00e4m\u00e4ntilanteet niin my\u00f6s olosuhteet muuttuvat. Meill\u00e4 on ollut tapana viimeisimpien vuosien aikaan viett\u00e4\u00e4 hieman pidemm\u00e4t jaksot ulkomailla kev\u00e4\u00e4ll\u00e4 sek\u00e4 syksyll\u00e4. Vallitsevan epidemian takia matkasuunnitelmat ovat ties kuinka pitk\u00e4\u00e4n j\u00e4iss\u00e4 itse kullakin. N\u00e4in k\u00e4vi my\u00f6s meille ja kev\u00e4\u00e4ksi (sek\u00e4 syksyksi) 2020 suunnitellut matkat peruuntuivat. <\/p>\n\n\n\n<p>Milloin seuraavan kerran on mahdollisuus rentoutua palmujen reunustamalla rannalla, lempeiden tuulten tuivertaessa suolasta s\u00e4kk\u00e4r\u00e4\u00e4 tukkaa on arvoitus, joka ei todenn\u00e4k\u00f6isesti ihan heti ratkea.<\/p>\n\n\n\n<figure class=\"wp-block-image size-large\"><img loading=\"lazy\" decoding=\"async\" width=\"1440\" height=\"2160\" src=\"https:\/\/www.marjawickman.com\/mustaovi\/wp-content\/uploads\/2020\/09\/Copyrights_marjawickman_k05_Dropallas-1440x2160.jpg\" alt=\"\" class=\"wp-image-4323\" srcset=\"https:\/\/www.marjawickman.com\/mustaovi\/wp-content\/uploads\/2020\/09\/Copyrights_marjawickman_k05_Dropallas-1440x2160.jpg 1440w, https:\/\/www.marjawickman.com\/mustaovi\/wp-content\/uploads\/2020\/09\/Copyrights_marjawickman_k05_Dropallas-300x450.jpg 300w, https:\/\/www.marjawickman.com\/mustaovi\/wp-content\/uploads\/2020\/09\/Copyrights_marjawickman_k05_Dropallas-1024x1536.jpg 1024w, https:\/\/www.marjawickman.com\/mustaovi\/wp-content\/uploads\/2020\/09\/Copyrights_marjawickman_k05_Dropallas-1365x2048.jpg 1365w, https:\/\/www.marjawickman.com\/mustaovi\/wp-content\/uploads\/2020\/09\/Copyrights_marjawickman_k05_Dropallas-800x1200.jpg 800w, https:\/\/www.marjawickman.com\/mustaovi\/wp-content\/uploads\/2020\/09\/Copyrights_marjawickman_k05_Dropallas-scaled.jpg 1706w\" sizes=\"auto, (max-width: 1440px) 100vw, 1440px\" \/><\/figure>\n\n\n\n<p>Toinen muutos, mik\u00e4 rakentamisen j\u00e4lkeen on tapahtunut, on se, ett\u00e4 meid\u00e4n perhe kokomme on kasvanut pienell\u00e4 ihmisell\u00e4, joka ei tied\u00e4 mit\u00e4\u00e4n parempaa, kuin polskutella vedess\u00e4. <\/p>\n\n\n\n<p>Vieress\u00e4mme sijaitsee uusi hieno maauimala, mutta kuluvana kev\u00e4\u00e4n\u00e4 ja kes\u00e4n\u00e4 ihmiset ovat joutuneet jonottamaan tuntitolkulla helteess\u00e4 vuoroaan, jotta turvaet\u00e4isyyksis\u00e4 on voitu noudattaa. Me j\u00e4timme suosiolla maauimalak\u00e4ynnit kokonaan v\u00e4liin vaikka aika ajoin helteen porottaessa niskaan mik\u00e4\u00e4n ei olisi voinut tuntua virkist\u00e4v\u00e4mm\u00e4lt\u00e4 kuin pulahtaa viilent\u00e4v\u00e4\u00e4n altaaseen.<\/p>\n\n\n\n<p>Koska vietimme koko kev\u00e4\u00e4n visusti kotona, oli meill\u00e4 tolkuttomasti aikaa ja tarmoa tehd\u00e4 kotona keskener\u00e4isi\u00e4 projekteja. Aloimme my\u00f6s viritell\u00e4 uudestaan ajatusta altaan hankkimisesta terassille: olihan meill\u00e4 s\u00e4\u00e4st\u00f6ss\u00e4 koko vuoden matkakassa.<\/p>\n\n\n\n<figure class=\"wp-block-image size-large\"><img loading=\"lazy\" decoding=\"async\" width=\"1440\" height=\"960\" src=\"https:\/\/www.marjawickman.com\/mustaovi\/wp-content\/uploads\/2020\/09\/Copyrights_marjawickman_k04_Dropallas-1-1440x960.jpg\" alt=\"\" class=\"wp-image-4322\" srcset=\"https:\/\/www.marjawickman.com\/mustaovi\/wp-content\/uploads\/2020\/09\/Copyrights_marjawickman_k04_Dropallas-1-1440x960.jpg 1440w, https:\/\/www.marjawickman.com\/mustaovi\/wp-content\/uploads\/2020\/09\/Copyrights_marjawickman_k04_Dropallas-1-300x200.jpg 300w, https:\/\/www.marjawickman.com\/mustaovi\/wp-content\/uploads\/2020\/09\/Copyrights_marjawickman_k04_Dropallas-1-1536x1024.jpg 1536w, https:\/\/www.marjawickman.com\/mustaovi\/wp-content\/uploads\/2020\/09\/Copyrights_marjawickman_k04_Dropallas-1-2048x1365.jpg 2048w, https:\/\/www.marjawickman.com\/mustaovi\/wp-content\/uploads\/2020\/09\/Copyrights_marjawickman_k04_Dropallas-1-800x533.jpg 800w\" sizes=\"auto, (max-width: 1440px) 100vw, 1440px\" \/><\/figure>\n\n\n\n<figure class=\"wp-block-image size-large\"><img loading=\"lazy\" decoding=\"async\" width=\"1440\" height=\"960\" src=\"https:\/\/www.marjawickman.com\/mustaovi\/wp-content\/uploads\/2020\/09\/Copyrights_marjawickman_k01_Dropallas-1440x960.jpg\" alt=\"\" class=\"wp-image-4317\" srcset=\"https:\/\/www.marjawickman.com\/mustaovi\/wp-content\/uploads\/2020\/09\/Copyrights_marjawickman_k01_Dropallas-1440x960.jpg 1440w, https:\/\/www.marjawickman.com\/mustaovi\/wp-content\/uploads\/2020\/09\/Copyrights_marjawickman_k01_Dropallas-300x200.jpg 300w, https:\/\/www.marjawickman.com\/mustaovi\/wp-content\/uploads\/2020\/09\/Copyrights_marjawickman_k01_Dropallas-1536x1024.jpg 1536w, https:\/\/www.marjawickman.com\/mustaovi\/wp-content\/uploads\/2020\/09\/Copyrights_marjawickman_k01_Dropallas-2048x1365.jpg 2048w, https:\/\/www.marjawickman.com\/mustaovi\/wp-content\/uploads\/2020\/09\/Copyrights_marjawickman_k01_Dropallas-800x533.jpg 800w\" sizes=\"auto, (max-width: 1440px) 100vw, 1440px\" \/><\/figure>\n\n\n\n<p>Ulkoporealtaita vertaillessamme p\u00e4\u00e4dyimme kotimaiseen <strong><em><a href=\"http:\/\/Drop-altaaseen\" target=\"_blank\" rel=\"noreferrer noopener\">Drop-altaaseen<\/a><\/em><\/strong>. P\u00e4\u00e4t\u00f6st\u00e4 puolsi designin lis\u00e4ksi se, ett\u00e4 altaat suunnitellaan Suomessa&nbsp; ja valmistetaan Salossa sijaitsevalla tehtaalla (Dropilla on my\u00f6s Avainlippu-merkki). Alun perin ajattelimme hankkia s\u00e4hk\u00f6l\u00e4mmitteisist\u00e4 altaista kaikista yksinkertaisemman version <a href=\"https:\/\/www.drop.fi\/tuote\/drop-lampi\/\" target=\"_blank\" rel=\"noreferrer noopener\"><strong><em>Drop Lammen<\/em><\/strong><\/a>. Koska kokonaisinvestointi altaaseen t\u00f6ineen ja terasseineen oli suhteellisen kallis, ei en\u00e4\u00e4 muutaman tuhannen euron lis\u00e4\u00e4minen budjettiin kirpaissut niin kamalasti. P\u00e4\u00e4dyimme tilaamaan hieman ennen juhannusta poreilla varustetun <a href=\"https:\/\/www.drop.fi\/tuote\/drop-lahde\/\" target=\"_blank\" rel=\"noreferrer noopener\"><strong><em>Drop L\u00e4hteen<\/em><\/strong><\/a>.<\/p>\n\n\n\n<p>Altaan tilaamisen j\u00e4lkeen alkoi altaan sijoituspaikan esity\u00f6t. Laajensimme terassia tekem\u00e4ll\u00e4 saunarakennuksen viereen perustukset uudelle puurakenteiselle terassille, johon allas upotettiin. Terassin kanneksi valitsimme lehtikuusen, joka ajan my\u00f6t\u00e4 harmaantuu sopimaan paremmin taloa ymp\u00e4r\u00f6iviin betoniterasseihin.<\/p>\n\n\n\n<figure class=\"wp-block-image size-large\"><img loading=\"lazy\" decoding=\"async\" width=\"1440\" height=\"2160\" src=\"https:\/\/www.marjawickman.com\/mustaovi\/wp-content\/uploads\/2020\/09\/Copyrights_marjawickman_k06_Dropallas-1440x2160.jpg\" alt=\"\" class=\"wp-image-4324\" srcset=\"https:\/\/www.marjawickman.com\/mustaovi\/wp-content\/uploads\/2020\/09\/Copyrights_marjawickman_k06_Dropallas-1440x2160.jpg 1440w, https:\/\/www.marjawickman.com\/mustaovi\/wp-content\/uploads\/2020\/09\/Copyrights_marjawickman_k06_Dropallas-300x450.jpg 300w, https:\/\/www.marjawickman.com\/mustaovi\/wp-content\/uploads\/2020\/09\/Copyrights_marjawickman_k06_Dropallas-1024x1536.jpg 1024w, https:\/\/www.marjawickman.com\/mustaovi\/wp-content\/uploads\/2020\/09\/Copyrights_marjawickman_k06_Dropallas-1366x2048.jpg 1366w, https:\/\/www.marjawickman.com\/mustaovi\/wp-content\/uploads\/2020\/09\/Copyrights_marjawickman_k06_Dropallas-800x1200.jpg 800w, https:\/\/www.marjawickman.com\/mustaovi\/wp-content\/uploads\/2020\/09\/Copyrights_marjawickman_k06_Dropallas-scaled.jpg 1707w\" sizes=\"auto, (max-width: 1440px) 100vw, 1440px\" \/><\/figure>\n\n\n\n<figure class=\"wp-block-image size-large\"><img loading=\"lazy\" decoding=\"async\" width=\"1440\" height=\"960\" src=\"https:\/\/www.marjawickman.com\/mustaovi\/wp-content\/uploads\/2020\/09\/Copyrights_marjawickman_k03_Dropallas-1440x960.jpg\" alt=\"\" class=\"wp-image-4320\" srcset=\"https:\/\/www.marjawickman.com\/mustaovi\/wp-content\/uploads\/2020\/09\/Copyrights_marjawickman_k03_Dropallas-1440x960.jpg 1440w, https:\/\/www.marjawickman.com\/mustaovi\/wp-content\/uploads\/2020\/09\/Copyrights_marjawickman_k03_Dropallas-300x200.jpg 300w, https:\/\/www.marjawickman.com\/mustaovi\/wp-content\/uploads\/2020\/09\/Copyrights_marjawickman_k03_Dropallas-1536x1024.jpg 1536w, https:\/\/www.marjawickman.com\/mustaovi\/wp-content\/uploads\/2020\/09\/Copyrights_marjawickman_k03_Dropallas-2048x1366.jpg 2048w, https:\/\/www.marjawickman.com\/mustaovi\/wp-content\/uploads\/2020\/09\/Copyrights_marjawickman_k03_Dropallas-800x533.jpg 800w\" sizes=\"auto, (max-width: 1440px) 100vw, 1440px\" \/><\/figure>\n\n\n\n<h2 class=\"wp-block-heading\">Kokemuksia Drop-ulkoporealtaasta<\/h2>\n\n\n\n<p>Allas on nyt ollut k\u00e4yt\u00f6ss\u00e4 kolme kuukautta. Parasta porealtaassa on se, ett\u00e4 se on heti k\u00e4ytt\u00f6valmis. Allas pysyy jatkuvasti noin 37-asteisena. K\u00e4yt\u00f6n j\u00e4lkeen altaan vesiraja pyyhk\u00e4ist\u00e4\u00e4n ja lis\u00e4t\u00e4\u00e4n klooritabletti sek\u00e4 tarkistetaan veden pH. Vesi tarvitsee k\u00e4yt\u00f6st\u00e4 riippuen vaihtaa pari kertaa vuodessa. Altaan p\u00e4\u00e4ll\u00e4 oleva lukittava termokansi on my\u00f6s eritt\u00e4in turvallinen, ettei kukaa utelias ja uimataidoton p\u00e4\u00e4se putoamaan metrin syvyiseen veteen.<\/p>\n\n\n\n<p>Kuluneeen kes\u00e4n aikana ollut ihana seurata pienten uimareiden v\u00e4sym\u00e4t\u00f6nt\u00e4 riemua, kun l\u00e4mpimin\u00e4 p\u00e4ivin\u00e4 on voinut tuntitolkulla polskia reilun kokoisessa altaassa.&nbsp;<\/p>\n\n\n\n<p>Ehk\u00e4p\u00e4 jopa viel\u00e4 parempaa on ollut illan h\u00e4m\u00e4rtyess\u00e4 hipsi\u00e4 yksin suihkun kautta altaaseen ja nauttia l\u00e4mpim\u00e4st\u00e4 vedest\u00e4 ja poreista, jotka saavat kaiken kireyden sulamaan kehosta. Mit\u00e4 kylmemm\u00e4ksi illat ovat k\u00e4yneet, sit\u00e4 nautinnollisempaa se on ollut!<\/p>\n\n\n\n<h2 class=\"wp-block-heading\">LUE MY\u00d6S: <a href=\"https:\/\/www.marjawickman.com\/mustaovi\/2019\/11\/5-virhetta-jotka-teimme-rakentaessa.html\" target=\"_blank\" rel=\"noreferrer noopener\">5 VIRHETT\u00c4, JOTKA TEIMME RAKENTAESSA<\/a><\/h2>\n\n\n\n<h4 class=\"wp-block-heading\"><strong><em><a rel=\"noreferrer noopener\" href=\"https:\/\/www.marjawickman.com\/mustaovi\/2018\/06\/mita-kivitalo-maksaa.html\" target=\"_blank\">MIT\u00c4 KIVITALO MAKSAA<\/a><\/em><\/strong><\/h4>\n\n\n\n<h4 class=\"wp-block-heading\"><strong><em><a rel=\"noreferrer noopener\" href=\"https:\/\/www.marjawickman.com\/mustaovi\/2019\/11\/naihin-ratkaisuihin-olemme-tyytyvaisia.html\" target=\"_blank\">N\u00c4IHIN RATKAISUIHIN OLEMME TYYTYV\u00c4ISI\u00c4 KODISSAMME<\/a><\/em><\/strong><\/h4>\n\n\n\n<h4 class=\"wp-block-heading\"><strong><em><a rel=\"noreferrer noopener\" href=\"https:\/\/www.marjawickman.com\/mustaovi\/2018\/11\/omakotitalon-suunnitteluprosessi.html\" target=\"_blank\">OMAKOTITALON SUUNNITTELUPROSESSI<\/a><\/em><\/strong><\/h4>\n\n\n\n<h4 class=\"wp-block-heading\"><strong><em><a rel=\"noreferrer noopener\" href=\"https:\/\/www.marjawickman.com\/mustaovi\/2016\/08\/taa-nyt-vaan-on-tallaista.html\" target=\"_blank\">T\u00c4\u00c4 RAKENTAMINEN NYT VAAN ON T\u00c4LLAISTA<\/a><\/em><\/strong><\/h4>\n","protected":false},"excerpt":{"rendered":"<p>Kaupallinen yhteisty\u00f6: Drop Kun vasta suunnittelimme taloa, pohdimme altaan sijoittamista terassille. Ensimm\u00e4isiss\u00e4 luonnoksissa altaalle oli piirretty paikka, mutta tarjouspyynt\u00f6 vaiheessa olimme poistaneet suunnitelmista kaikki ylim\u00e4\u00e4r\u00e4iset kustannukset. Suunnitelmista karsiutui pois my\u00f6s terassiin upotettu ulkoporeallas. T\u00e4m\u00e4 tuntui&hellip;<\/p>\n","protected":false},"author":1,"featured_media":0,"comment_status":"open","ping_status":"closed","sticky":false,"template":"","format":"standard","meta":{"footnotes":""},"categories":[56,36],"tags":[97],"class_list":["post-4316","post","type-post","status-publish","format-standard","hentry","category-piha","category-rakentaminen","tag-sisaltoyhteisyo"],"yoast_head":"<!-- This site is optimized with the Yoast SEO plugin v24.7 - https:\/\/yoast.com\/wordpress\/plugins\/seo\/ -->\n<title>ULKOPOREALLAS \u2013 HITTI VAI HUTI : MUSTAOVI - Vuoden 2016 ja 2017 sisustusblogi<\/title>\n<meta name=\"description\" content=\"Ulkoporeallas on nyt ollut k\u00e4yt\u00f6ss\u00e4 kolme kuukautta. Parasta porealtaassa on se, ett\u00e4 se on heti k\u00e4ytt\u00f6valmis. Allas on my\u00f6s helppohoitoinen.\" \/>\n<meta name=\"robots\" content=\"index, follow, max-snippet:-1, max-image-preview:large, max-video-preview:-1\" \/>\n<link rel=\"canonical\" href=\"https:\/\/www.marjawickman.com\/mustaovi\/2020\/09\/ulkoporeallas-hitti-vai-huti.html\" \/>\n<meta property=\"og:locale\" content=\"fi_FI\" \/>\n<meta property=\"og:type\" content=\"article\" \/>\n<meta property=\"og:title\" content=\"ULKOPOREALLAS \u2013 HITTI VAI HUTI : MUSTAOVI - Vuoden 2016 ja 2017 sisustusblogi\" \/>\n<meta property=\"og:description\" content=\"Ulkoporeallas on nyt ollut k\u00e4yt\u00f6ss\u00e4 kolme kuukautta. Parasta porealtaassa on se, ett\u00e4 se on heti k\u00e4ytt\u00f6valmis. Allas on my\u00f6s helppohoitoinen.\" \/>\n<meta property=\"og:url\" content=\"https:\/\/www.marjawickman.com\/mustaovi\/2020\/09\/ulkoporeallas-hitti-vai-huti.html\" \/>\n<meta property=\"og:site_name\" content=\"MUSTAOVI - Vuoden 2016 ja 2017 sisustusblogi\" \/>\n<meta property=\"article:published_time\" content=\"2020-09-12T09:50:55+00:00\" \/>\n<meta property=\"article:modified_time\" content=\"2020-09-26T11:42:45+00:00\" \/>\n<meta property=\"og:image\" content=\"https:\/\/www.marjawickman.com\/mustaovi\/wp-content\/uploads\/2020\/09\/Copyrights_marjawickman_k02_Dropallas-3-1440x960.jpg\" \/>\n<meta name=\"author\" content=\"marja\" \/>\n<meta name=\"twitter:card\" content=\"summary_large_image\" \/>\n<meta name=\"twitter:label1\" content=\"Kirjoittanut\" \/>\n\t<meta name=\"twitter:data1\" content=\"marja\" \/>\n\t<meta name=\"twitter:label2\" content=\"Arvioitu lukuaika\" \/>\n\t<meta name=\"twitter:data2\" content=\"3 minuuttia\" \/>\n<script type=\"application\/ld+json\" class=\"yoast-schema-graph\">{\"@context\":\"https:\/\/schema.org\",\"@graph\":[{\"@type\":\"Article\",\"@id\":\"https:\/\/www.marjawickman.com\/mustaovi\/2020\/09\/ulkoporeallas-hitti-vai-huti.html#article\",\"isPartOf\":{\"@id\":\"https:\/\/www.marjawickman.com\/mustaovi\/2020\/09\/ulkoporeallas-hitti-vai-huti.html\"},\"author\":{\"name\":\"marja\",\"@id\":\"https:\/\/www.marjawickman.com\/mustaovi\/#\/schema\/person\/a3331fad26c2e4cbdd821a412dd9565d\"},\"headline\":\"ULKOPOREALLAS \u2013 HITTI VAI HUTI\",\"datePublished\":\"2020-09-12T09:50:55+00:00\",\"dateModified\":\"2020-09-26T11:42:45+00:00\",\"mainEntityOfPage\":{\"@id\":\"https:\/\/www.marjawickman.com\/mustaovi\/2020\/09\/ulkoporeallas-hitti-vai-huti.html\"},\"wordCount\":548,\"commentCount\":0,\"publisher\":{\"@id\":\"https:\/\/www.marjawickman.com\/mustaovi\/#\/schema\/person\/a3331fad26c2e4cbdd821a412dd9565d\"},\"image\":{\"@id\":\"https:\/\/www.marjawickman.com\/mustaovi\/2020\/09\/ulkoporeallas-hitti-vai-huti.html#primaryimage\"},\"thumbnailUrl\":\"https:\/\/www.marjawickman.com\/mustaovi\/wp-content\/uploads\/2020\/09\/Copyrights_marjawickman_k02_Dropallas-3-1440x960.jpg\",\"keywords\":[\"sis\u00e4lt\u00f6yhteisty\u00f6\"],\"articleSection\":[\"piha\",\"RAKENTAMINEN\"],\"inLanguage\":\"fi\",\"potentialAction\":[{\"@type\":\"CommentAction\",\"name\":\"Comment\",\"target\":[\"https:\/\/www.marjawickman.com\/mustaovi\/2020\/09\/ulkoporeallas-hitti-vai-huti.html#respond\"]}]},{\"@type\":\"WebPage\",\"@id\":\"https:\/\/www.marjawickman.com\/mustaovi\/2020\/09\/ulkoporeallas-hitti-vai-huti.html\",\"url\":\"https:\/\/www.marjawickman.com\/mustaovi\/2020\/09\/ulkoporeallas-hitti-vai-huti.html\",\"name\":\"ULKOPOREALLAS \u2013 HITTI VAI HUTI : MUSTAOVI - Vuoden 2016 ja 2017 sisustusblogi\",\"isPartOf\":{\"@id\":\"https:\/\/www.marjawickman.com\/mustaovi\/#website\"},\"primaryImageOfPage\":{\"@id\":\"https:\/\/www.marjawickman.com\/mustaovi\/2020\/09\/ulkoporeallas-hitti-vai-huti.html#primaryimage\"},\"image\":{\"@id\":\"https:\/\/www.marjawickman.com\/mustaovi\/2020\/09\/ulkoporeallas-hitti-vai-huti.html#primaryimage\"},\"thumbnailUrl\":\"https:\/\/www.marjawickman.com\/mustaovi\/wp-content\/uploads\/2020\/09\/Copyrights_marjawickman_k02_Dropallas-3-1440x960.jpg\",\"datePublished\":\"2020-09-12T09:50:55+00:00\",\"dateModified\":\"2020-09-26T11:42:45+00:00\",\"description\":\"Ulkoporeallas on nyt ollut k\u00e4yt\u00f6ss\u00e4 kolme kuukautta. Parasta porealtaassa on se, ett\u00e4 se on heti k\u00e4ytt\u00f6valmis. Allas on my\u00f6s helppohoitoinen.\",\"breadcrumb\":{\"@id\":\"https:\/\/www.marjawickman.com\/mustaovi\/2020\/09\/ulkoporeallas-hitti-vai-huti.html#breadcrumb\"},\"inLanguage\":\"fi\",\"potentialAction\":[{\"@type\":\"ReadAction\",\"target\":[\"https:\/\/www.marjawickman.com\/mustaovi\/2020\/09\/ulkoporeallas-hitti-vai-huti.html\"]}]},{\"@type\":\"ImageObject\",\"inLanguage\":\"fi\",\"@id\":\"https:\/\/www.marjawickman.com\/mustaovi\/2020\/09\/ulkoporeallas-hitti-vai-huti.html#primaryimage\",\"url\":\"https:\/\/www.marjawickman.com\/mustaovi\/wp-content\/uploads\/2020\/09\/Copyrights_marjawickman_k02_Dropallas-3-1440x960.jpg\",\"contentUrl\":\"https:\/\/www.marjawickman.com\/mustaovi\/wp-content\/uploads\/2020\/09\/Copyrights_marjawickman_k02_Dropallas-3-1440x960.jpg\"},{\"@type\":\"BreadcrumbList\",\"@id\":\"https:\/\/www.marjawickman.com\/mustaovi\/2020\/09\/ulkoporeallas-hitti-vai-huti.html#breadcrumb\",\"itemListElement\":[{\"@type\":\"ListItem\",\"position\":1,\"name\":\"Home\",\"item\":\"https:\/\/www.marjawickman.com\/mustaovi\"},{\"@type\":\"ListItem\",\"position\":2,\"name\":\"ULKOPOREALLAS \u2013 HITTI VAI HUTI\"}]},{\"@type\":\"WebSite\",\"@id\":\"https:\/\/www.marjawickman.com\/mustaovi\/#website\",\"url\":\"https:\/\/www.marjawickman.com\/mustaovi\/\",\"name\":\"MUSTAOVI - Vuoden 2016 ja 2017 sisustusblogi\",\"description\":\"\",\"publisher\":{\"@id\":\"https:\/\/www.marjawickman.com\/mustaovi\/#\/schema\/person\/a3331fad26c2e4cbdd821a412dd9565d\"},\"potentialAction\":[{\"@type\":\"SearchAction\",\"target\":{\"@type\":\"EntryPoint\",\"urlTemplate\":\"https:\/\/www.marjawickman.com\/mustaovi\/?s={search_term_string}\"},\"query-input\":{\"@type\":\"PropertyValueSpecification\",\"valueRequired\":true,\"valueName\":\"search_term_string\"}}],\"inLanguage\":\"fi\"},{\"@type\":[\"Person\",\"Organization\"],\"@id\":\"https:\/\/www.marjawickman.com\/mustaovi\/#\/schema\/person\/a3331fad26c2e4cbdd821a412dd9565d\",\"name\":\"marja\",\"image\":{\"@type\":\"ImageObject\",\"inLanguage\":\"fi\",\"@id\":\"https:\/\/www.marjawickman.com\/mustaovi\/#\/schema\/person\/image\/\",\"url\":\"https:\/\/secure.gravatar.com\/avatar\/5eb2e8be43d452c382f583136174e55d?s=96&d=mm&r=g\",\"contentUrl\":\"https:\/\/secure.gravatar.com\/avatar\/5eb2e8be43d452c382f583136174e55d?s=96&d=mm&r=g\",\"caption\":\"marja\"},\"logo\":{\"@id\":\"https:\/\/www.marjawickman.com\/mustaovi\/#\/schema\/person\/image\/\"},\"description\":\"My name is Maja and this is my blog Musta ovi. The blog is all about a house building, scandinavian design and a loft style. I'll share things and thoughts I like and get inspired.\",\"url\":\"https:\/\/www.marjawickman.com\/mustaovi\/author\/admin\"}]}<\/script>\n<!-- \/ Yoast SEO plugin. -->","yoast_head_json":{"title":"ULKOPOREALLAS \u2013 HITTI VAI HUTI : MUSTAOVI - Vuoden 2016 ja 2017 sisustusblogi","description":"Ulkoporeallas on nyt ollut k\u00e4yt\u00f6ss\u00e4 kolme kuukautta. Parasta porealtaassa on se, ett\u00e4 se on heti k\u00e4ytt\u00f6valmis. Allas on my\u00f6s helppohoitoinen.","robots":{"index":"index","follow":"follow","max-snippet":"max-snippet:-1","max-image-preview":"max-image-preview:large","max-video-preview":"max-video-preview:-1"},"canonical":"https:\/\/www.marjawickman.com\/mustaovi\/2020\/09\/ulkoporeallas-hitti-vai-huti.html","og_locale":"fi_FI","og_type":"article","og_title":"ULKOPOREALLAS \u2013 HITTI VAI HUTI : MUSTAOVI - Vuoden 2016 ja 2017 sisustusblogi","og_description":"Ulkoporeallas on nyt ollut k\u00e4yt\u00f6ss\u00e4 kolme kuukautta. Parasta porealtaassa on se, ett\u00e4 se on heti k\u00e4ytt\u00f6valmis. Allas on my\u00f6s helppohoitoinen.","og_url":"https:\/\/www.marjawickman.com\/mustaovi\/2020\/09\/ulkoporeallas-hitti-vai-huti.html","og_site_name":"MUSTAOVI - Vuoden 2016 ja 2017 sisustusblogi","article_published_time":"2020-09-12T09:50:55+00:00","article_modified_time":"2020-09-26T11:42:45+00:00","og_image":[{"url":"https:\/\/www.marjawickman.com\/mustaovi\/wp-content\/uploads\/2020\/09\/Copyrights_marjawickman_k02_Dropallas-3-1440x960.jpg","type":"","width":"","height":""}],"author":"marja","twitter_card":"summary_large_image","twitter_misc":{"Kirjoittanut":"marja","Arvioitu lukuaika":"3 minuuttia"},"schema":{"@context":"https:\/\/schema.org","@graph":[{"@type":"Article","@id":"https:\/\/www.marjawickman.com\/mustaovi\/2020\/09\/ulkoporeallas-hitti-vai-huti.html#article","isPartOf":{"@id":"https:\/\/www.marjawickman.com\/mustaovi\/2020\/09\/ulkoporeallas-hitti-vai-huti.html"},"author":{"name":"marja","@id":"https:\/\/www.marjawickman.com\/mustaovi\/#\/schema\/person\/a3331fad26c2e4cbdd821a412dd9565d"},"headline":"ULKOPOREALLAS \u2013 HITTI VAI HUTI","datePublished":"2020-09-12T09:50:55+00:00","dateModified":"2020-09-26T11:42:45+00:00","mainEntityOfPage":{"@id":"https:\/\/www.marjawickman.com\/mustaovi\/2020\/09\/ulkoporeallas-hitti-vai-huti.html"},"wordCount":548,"commentCount":0,"publisher":{"@id":"https:\/\/www.marjawickman.com\/mustaovi\/#\/schema\/person\/a3331fad26c2e4cbdd821a412dd9565d"},"image":{"@id":"https:\/\/www.marjawickman.com\/mustaovi\/2020\/09\/ulkoporeallas-hitti-vai-huti.html#primaryimage"},"thumbnailUrl":"https:\/\/www.marjawickman.com\/mustaovi\/wp-content\/uploads\/2020\/09\/Copyrights_marjawickman_k02_Dropallas-3-1440x960.jpg","keywords":["sis\u00e4lt\u00f6yhteisty\u00f6"],"articleSection":["piha","RAKENTAMINEN"],"inLanguage":"fi","potentialAction":[{"@type":"CommentAction","name":"Comment","target":["https:\/\/www.marjawickman.com\/mustaovi\/2020\/09\/ulkoporeallas-hitti-vai-huti.html#respond"]}]},{"@type":"WebPage","@id":"https:\/\/www.marjawickman.com\/mustaovi\/2020\/09\/ulkoporeallas-hitti-vai-huti.html","url":"https:\/\/www.marjawickman.com\/mustaovi\/2020\/09\/ulkoporeallas-hitti-vai-huti.html","name":"ULKOPOREALLAS \u2013 HITTI VAI HUTI : MUSTAOVI - Vuoden 2016 ja 2017 sisustusblogi","isPartOf":{"@id":"https:\/\/www.marjawickman.com\/mustaovi\/#website"},"primaryImageOfPage":{"@id":"https:\/\/www.marjawickman.com\/mustaovi\/2020\/09\/ulkoporeallas-hitti-vai-huti.html#primaryimage"},"image":{"@id":"https:\/\/www.marjawickman.com\/mustaovi\/2020\/09\/ulkoporeallas-hitti-vai-huti.html#primaryimage"},"thumbnailUrl":"https:\/\/www.marjawickman.com\/mustaovi\/wp-content\/uploads\/2020\/09\/Copyrights_marjawickman_k02_Dropallas-3-1440x960.jpg","datePublished":"2020-09-12T09:50:55+00:00","dateModified":"2020-09-26T11:42:45+00:00","description":"Ulkoporeallas on nyt ollut k\u00e4yt\u00f6ss\u00e4 kolme kuukautta. Parasta porealtaassa on se, ett\u00e4 se on heti k\u00e4ytt\u00f6valmis. Allas on my\u00f6s helppohoitoinen.","breadcrumb":{"@id":"https:\/\/www.marjawickman.com\/mustaovi\/2020\/09\/ulkoporeallas-hitti-vai-huti.html#breadcrumb"},"inLanguage":"fi","potentialAction":[{"@type":"ReadAction","target":["https:\/\/www.marjawickman.com\/mustaovi\/2020\/09\/ulkoporeallas-hitti-vai-huti.html"]}]},{"@type":"ImageObject","inLanguage":"fi","@id":"https:\/\/www.marjawickman.com\/mustaovi\/2020\/09\/ulkoporeallas-hitti-vai-huti.html#primaryimage","url":"https:\/\/www.marjawickman.com\/mustaovi\/wp-content\/uploads\/2020\/09\/Copyrights_marjawickman_k02_Dropallas-3-1440x960.jpg","contentUrl":"https:\/\/www.marjawickman.com\/mustaovi\/wp-content\/uploads\/2020\/09\/Copyrights_marjawickman_k02_Dropallas-3-1440x960.jpg"},{"@type":"BreadcrumbList","@id":"https:\/\/www.marjawickman.com\/mustaovi\/2020\/09\/ulkoporeallas-hitti-vai-huti.html#breadcrumb","itemListElement":[{"@type":"ListItem","position":1,"name":"Home","item":"https:\/\/www.marjawickman.com\/mustaovi"},{"@type":"ListItem","position":2,"name":"ULKOPOREALLAS \u2013 HITTI VAI HUTI"}]},{"@type":"WebSite","@id":"https:\/\/www.marjawickman.com\/mustaovi\/#website","url":"https:\/\/www.marjawickman.com\/mustaovi\/","name":"MUSTAOVI - Vuoden 2016 ja 2017 sisustusblogi","description":"","publisher":{"@id":"https:\/\/www.marjawickman.com\/mustaovi\/#\/schema\/person\/a3331fad26c2e4cbdd821a412dd9565d"},"potentialAction":[{"@type":"SearchAction","target":{"@type":"EntryPoint","urlTemplate":"https:\/\/www.marjawickman.com\/mustaovi\/?s={search_term_string}"},"query-input":{"@type":"PropertyValueSpecification","valueRequired":true,"valueName":"search_term_string"}}],"inLanguage":"fi"},{"@type":["Person","Organization"],"@id":"https:\/\/www.marjawickman.com\/mustaovi\/#\/schema\/person\/a3331fad26c2e4cbdd821a412dd9565d","name":"marja","image":{"@type":"ImageObject","inLanguage":"fi","@id":"https:\/\/www.marjawickman.com\/mustaovi\/#\/schema\/person\/image\/","url":"https:\/\/secure.gravatar.com\/avatar\/5eb2e8be43d452c382f583136174e55d?s=96&d=mm&r=g","contentUrl":"https:\/\/secure.gravatar.com\/avatar\/5eb2e8be43d452c382f583136174e55d?s=96&d=mm&r=g","caption":"marja"},"logo":{"@id":"https:\/\/www.marjawickman.com\/mustaovi\/#\/schema\/person\/image\/"},"description":"My name is Maja and this is my blog Musta ovi. The blog is all about a house building, scandinavian design and a loft style. I'll share things and thoughts I like and get inspired.","url":"https:\/\/www.marjawickman.com\/mustaovi\/author\/admin"}]}},"_links":{"self":[{"href":"https:\/\/www.marjawickman.com\/mustaovi\/wp-json\/wp\/v2\/posts\/4316","targetHints":{"allow":["GET"]}}],"collection":[{"href":"https:\/\/www.marjawickman.com\/mustaovi\/wp-json\/wp\/v2\/posts"}],"about":[{"href":"https:\/\/www.marjawickman.com\/mustaovi\/wp-json\/wp\/v2\/types\/post"}],"author":[{"embeddable":true,"href":"https:\/\/www.marjawickman.com\/mustaovi\/wp-json\/wp\/v2\/users\/1"}],"replies":[{"embeddable":true,"href":"https:\/\/www.marjawickman.com\/mustaovi\/wp-json\/wp\/v2\/comments?post=4316"}],"version-history":[{"count":8,"href":"https:\/\/www.marjawickman.com\/mustaovi\/wp-json\/wp\/v2\/posts\/4316\/revisions"}],"predecessor-version":[{"id":4518,"href":"https:\/\/www.marjawickman.com\/mustaovi\/wp-json\/wp\/v2\/posts\/4316\/revisions\/4518"}],"wp:attachment":[{"href":"https:\/\/www.marjawickman.com\/mustaovi\/wp-json\/wp\/v2\/media?parent=4316"}],"wp:term":[{"taxonomy":"category","embeddable":true,"href":"https:\/\/www.marjawickman.com\/mustaovi\/wp-json\/wp\/v2\/categories?post=4316"},{"taxonomy":"post_tag","embeddable":true,"href":"https:\/\/www.marjawickman.com\/mustaovi\/wp-json\/wp\/v2\/tags?post=4316"}],"curies":[{"name":"wp","href":"https:\/\/api.w.org\/{rel}","templated":true}]}}