{"id":453,"date":"2017-09-17T11:27:00","date_gmt":"2017-09-17T08:27:00","guid":{"rendered":"https:\/\/www.marjawickman.com\/mustaovi\/2017\/09\/millainen-valaisin-olohuoneeseen\/"},"modified":"2020-09-26T16:04:57","modified_gmt":"2020-09-26T13:04:57","slug":"millainen-valaisin-olohuoneeseen","status":"publish","type":"post","link":"https:\/\/www.marjawickman.com\/mustaovi\/2017\/09\/millainen-valaisin-olohuoneeseen.html","title":{"rendered":"MILLAINEN VALAISIN OLOHUONEESEEN"},"content":{"rendered":"<div class=\"separator\" style=\"clear: both; text-align: center;\">\n<a href=\"https:\/\/www.marjawickman.com\/mustaovi\/wp-content\/uploads\/2017\/09\/Copyrights_Mustaovi_k01-3-1440x1029.jpg\" imageanchor=\"1\" style=\"clear: left; float: left; margin-bottom: 1em; margin-right: 1em;\"><img decoding=\"async\" border=\"0\" src=\"https:\/\/www.marjawickman.com\/mustaovi\/wp-content\/uploads\/2017\/09\/Copyrights_Mustaovi_k01-3-1440x1029.jpg\" \/><\/a><\/div>\n<div class=\"separator\" style=\"clear: both; text-align: center;\">\n<a href=\"https:\/\/www.marjawickman.com\/mustaovi\/wp-content\/uploads\/2017\/09\/Copyrights_Mustaovi_k02-5-1440x959.jpg\" imageanchor=\"1\" style=\"clear: left; float: left; margin-bottom: 1em; margin-right: 1em;\"><img decoding=\"async\" border=\"0\" src=\"https:\/\/www.marjawickman.com\/mustaovi\/wp-content\/uploads\/2017\/09\/Copyrights_Mustaovi_k02-5-1440x959.jpg\" \/><\/a><\/div>\n<div class=\"separator\" style=\"clear: both; text-align: center;\">\n<a href=\"https:\/\/www.marjawickman.com\/mustaovi\/wp-content\/uploads\/2017\/09\/Copyrights_Mustaovi_k03-5.jpg\" imageanchor=\"1\" style=\"clear: left; float: left; margin-bottom: 1em; margin-right: 1em;\"><img decoding=\"async\" border=\"0\" src=\"https:\/\/www.marjawickman.com\/mustaovi\/wp-content\/uploads\/2017\/09\/Copyrights_Mustaovi_k03-5.jpg\" \/><\/a><\/div>\n<div class=\"separator\" style=\"clear: both; text-align: center;\">\n<a href=\"https:\/\/www.marjawickman.com\/mustaovi\/wp-content\/uploads\/2017\/09\/Copyrights_Mustaovi_k04-3.jpg\" imageanchor=\"1\" style=\"clear: left; float: left; margin-bottom: 1em; margin-right: 1em;\"><img decoding=\"async\" border=\"0\" src=\"https:\/\/www.marjawickman.com\/mustaovi\/wp-content\/uploads\/2017\/09\/Copyrights_Mustaovi_k04-3.jpg\" \/><\/a><\/div>\n<div class=\"separator\" style=\"clear: both; text-align: center;\">\n<a href=\"https:\/\/www.marjawickman.com\/mustaovi\/wp-content\/uploads\/2017\/09\/Copyrights_Mustaovi_k05-3-1440x982.jpg\" imageanchor=\"1\" style=\"clear: left; float: left; margin-bottom: 1em; margin-right: 1em;\"><img decoding=\"async\" border=\"0\" src=\"https:\/\/www.marjawickman.com\/mustaovi\/wp-content\/uploads\/2017\/09\/Copyrights_Mustaovi_k05-3-1440x982.jpg\" \/><\/a><\/div>\n<p>Olemme aloittaneet koko perheen voimin uuden harrastuksen. Raahaudumme joka sunnuntai aamu kello kahdeksan uimahalliin ja polskimme puolituntia l\u00e4mmitetyss\u00e4 terapia-altaassa. Toistaiseksi aikaiset sunnuntait eiv\u00e4t ole juurikaan haitanneet. Viikonp\u00e4iv\u00e4t ovat menett\u00e4neet totaalisesti merkityksens\u00e4, kun ei suunnittele seuraavaan p\u00e4iv\u00e4n ty\u00f6teht\u00e4vi\u00e4, odota viikonlopun rientoja tai joululomaa. Kalenterin ainut s\u00e4\u00e4nn\u00f6llinen merkint\u00e4 noiden viikoittaisten polskuttelujen lis\u00e4ksi on kerran kuukaudessa puhelimeen p\u00e4r\u00e4ht\u00e4v\u00e4 muistutus siit\u00e4, milloin HSY tyhjent\u00e4\u00e4 seuraavan kerran pihalla p\u00f6n\u00f6tt\u00e4v\u00e4n roskas\u00e4ili\u00f6n.<\/p>\n<p>T\u00e4n\u00e4 aamuna ei tarvinnut kalenteria katsella muistuttaakseen itse\u00e4\u00e4n siit\u00e4, ett\u00e4 syksy on tullut. Pikku hiljaa p\u00e4iv\u00e4t ovat alkaneet lyhenty\u00e4. Aamulla oli jo l\u00e4hes s\u00e4kkipime\u00e4\u00e4 ja piti ihan muutamaan otteeseen vilkaista kelloa, jotta uskoi, ett\u00e4 kyll\u00e4 se vain on noustava. Kotimme <b><i><a href=\"https:\/\/marjawickman.com\/mustaovi\/2017\/01\/vinkkeja-kodin-valaistuksen.html\" target=\"_blank\" rel=\"noopener noreferrer\">yleisvalaistus<\/a>&nbsp;<\/i><\/b>on eritt\u00e4in tehokas ja toimiva, mutta heti her\u00e4tty\u00e4\u00e4n ei mielell\u00e4\u00e4n t\u00e4r\u00e4yt\u00e4 kaikkia lumeneita kerralla p\u00e4\u00e4lle. Valaistus on mielest\u00e4ni silloin onnistunut, kun erilaisiin tilanteisiin on k\u00e4yt\u00f6ss\u00e4 oikeanlainen valo ja valon l\u00e4hde: hyv\u00e4 yleisvalo siivoukseen ja muihin askareisiin sek\u00e4 kaunis ja pehme\u00e4 tunnelmavalo rentoutumiseen ja aamuisin siihen pieneen hetkeen, ennen kuin muutaman kahvikupin voimin on taas valmis aloittamaan p\u00e4iv\u00e4n puuhat.<\/p>\n<p>Olen pidemm\u00e4n aikaa kaivannut olohuoneen nurkkaan lattiavalaisinta. T\u00e4n\u00e4\u00e4n aamuh\u00e4m\u00e4r\u00e4ss\u00e4 hiippaillessani t\u00e4m\u00e4 muistui j\u00e4lleen mieleeni. Erilaisia valaisimia selaillessani t\u00f6rm\u00e4sin n\u00e4ihin <b><i><a href=\"https:\/\/bo.fi\/\" target=\"_blank\" rel=\"noopener noreferrer\">Bo LKV:lle<\/a><\/i><\/b> tekemiini kalustuksiin ja kuviin sek\u00f6 kuvissa n\u00e4kyviin kotimaisiin&nbsp;<a href=\"https:\/\/www.innolux.fi\/\" target=\"_blank\" rel=\"noopener noreferrer\"><b><i>Innoluxin<\/i><\/b><\/a> valaisimiin. Pid\u00e4n erityisesti Pasila-sarjan muotoilusta ja tuo sarjan jalkavalaisin voisi sopia meille t\u00e4ydellisesti, jos se vain olisi korkeampi. Tuosta Pasilasta saa my\u00f6s hyvin Flos-henkisen riippuvalaisimen, kun yhdist\u00e4\u00e4 useamman valaisimen n\u00e4ytt\u00e4v\u00e4ksi ryhm\u00e4ksi kattoon roikkumaan.<\/p>\n<p>Kotimaisista valaisinvalmistajista my\u00f6s <i style=\"font-weight: bold;\"><a href=\"https:\/\/himmee.com\/\" target=\"_blank\" rel=\"noopener noreferrer\">Himmeelt\u00e4<\/a>&nbsp;<\/i>l\u00f6ytyy yksi suosikkini. &nbsp;Filly-lattiavalaisimen betonista valettu jalka yhdistettyn\u00e4 massiivitammiseen varsiosaan puhuttelee minua materiaalien puolesta erityisen paljon. My\u00f6s tuo valaisin on kuitenkin auttamatta liian matala olohuoneeseemme. Toiveideni mukainen lattiavalaisin saisi olla ainakin pari metri\u00e4 korkea, v\u00e4rilt\u00e4\u00e4n musta ja mielell\u00e4\u00e4n kotimainen. Tuleeko teill\u00e4 mieleen yht\u00e4k\u00e4\u00e4n, joka sopisi edes l\u00f6yh\u00e4sti n\u00e4ihin kriteereihin?<\/p>\n","protected":false},"excerpt":{"rendered":"<p>Olemme aloittaneet koko perheen voimin uuden harrastuksen. Raahaudumme joka sunnuntai aamu kello kahdeksan uimahalliin ja polskimme puolituntia l\u00e4mmitetyss\u00e4 terapia-altaassa. Toistaiseksi aikaiset sunnuntait eiv\u00e4t ole juurikaan haitanneet. Viikonp\u00e4iv\u00e4t ovat menett\u00e4neet totaalisesti merkityksens\u00e4, kun ei suunnittele seuraavaan&hellip;<\/p>\n","protected":false},"author":1,"featured_media":0,"comment_status":"open","ping_status":"closed","sticky":false,"template":"","format":"standard","meta":{"footnotes":""},"categories":[1],"tags":[100],"class_list":["post-453","post","type-post","status-publish","format-standard","hentry","category-koti","tag-tyo"],"yoast_head":"<!-- This site is optimized with the Yoast SEO plugin v24.7 - https:\/\/yoast.com\/wordpress\/plugins\/seo\/ -->\n<title>MILLAINEN VALAISIN OLOHUONEESEEN : MUSTAOVI - Vuoden 2016 ja 2017 sisustusblogi<\/title>\n<meta name=\"robots\" content=\"index, follow, max-snippet:-1, max-image-preview:large, max-video-preview:-1\" \/>\n<link rel=\"canonical\" href=\"https:\/\/www.marjawickman.com\/mustaovi\/2017\/09\/millainen-valaisin-olohuoneeseen.html\" \/>\n<meta property=\"og:locale\" content=\"fi_FI\" \/>\n<meta property=\"og:type\" content=\"article\" \/>\n<meta property=\"og:title\" content=\"MILLAINEN VALAISIN OLOHUONEESEEN : MUSTAOVI - Vuoden 2016 ja 2017 sisustusblogi\" \/>\n<meta property=\"og:description\" content=\"Olemme aloittaneet koko perheen voimin uuden harrastuksen. Raahaudumme joka sunnuntai aamu kello kahdeksan uimahalliin ja polskimme puolituntia l\u00e4mmitetyss\u00e4 terapia-altaassa. Toistaiseksi aikaiset sunnuntait eiv\u00e4t ole juurikaan haitanneet. Viikonp\u00e4iv\u00e4t ovat menett\u00e4neet totaalisesti merkityksens\u00e4, kun ei suunnittele seuraavaan&hellip;\" \/>\n<meta property=\"og:url\" content=\"https:\/\/www.marjawickman.com\/mustaovi\/2017\/09\/millainen-valaisin-olohuoneeseen.html\" \/>\n<meta property=\"og:site_name\" content=\"MUSTAOVI - Vuoden 2016 ja 2017 sisustusblogi\" \/>\n<meta property=\"article:published_time\" content=\"2017-09-17T08:27:00+00:00\" \/>\n<meta property=\"article:modified_time\" content=\"2020-09-26T13:04:57+00:00\" \/>\n<meta property=\"og:image\" content=\"https:\/\/www.marjawickman.com\/mustaovi\/wp-content\/uploads\/2017\/09\/Copyrights_Mustaovi_k01-3-1440x1029.jpg\" \/>\n<meta name=\"author\" content=\"marja\" \/>\n<meta name=\"twitter:card\" content=\"summary_large_image\" \/>\n<meta name=\"twitter:label1\" content=\"Kirjoittanut\" \/>\n\t<meta name=\"twitter:data1\" content=\"marja\" \/>\n\t<meta name=\"twitter:label2\" content=\"Arvioitu lukuaika\" \/>\n\t<meta name=\"twitter:data2\" content=\"2 minuuttia\" \/>\n<script type=\"application\/ld+json\" class=\"yoast-schema-graph\">{\"@context\":\"https:\/\/schema.org\",\"@graph\":[{\"@type\":\"Article\",\"@id\":\"https:\/\/www.marjawickman.com\/mustaovi\/2017\/09\/millainen-valaisin-olohuoneeseen.html#article\",\"isPartOf\":{\"@id\":\"https:\/\/www.marjawickman.com\/mustaovi\/2017\/09\/millainen-valaisin-olohuoneeseen.html\"},\"author\":{\"name\":\"marja\",\"@id\":\"https:\/\/www.marjawickman.com\/mustaovi\/#\/schema\/person\/a3331fad26c2e4cbdd821a412dd9565d\"},\"headline\":\"MILLAINEN VALAISIN OLOHUONEESEEN\",\"datePublished\":\"2017-09-17T08:27:00+00:00\",\"dateModified\":\"2020-09-26T13:04:57+00:00\",\"mainEntityOfPage\":{\"@id\":\"https:\/\/www.marjawickman.com\/mustaovi\/2017\/09\/millainen-valaisin-olohuoneeseen.html\"},\"wordCount\":358,\"commentCount\":2,\"publisher\":{\"@id\":\"https:\/\/www.marjawickman.com\/mustaovi\/#\/schema\/person\/a3331fad26c2e4cbdd821a412dd9565d\"},\"image\":{\"@id\":\"https:\/\/www.marjawickman.com\/mustaovi\/2017\/09\/millainen-valaisin-olohuoneeseen.html#primaryimage\"},\"thumbnailUrl\":\"https:\/\/www.marjawickman.com\/mustaovi\/wp-content\/uploads\/2017\/09\/Copyrights_Mustaovi_k01-3-1440x1029.jpg\",\"keywords\":[\"ty\u00f6\"],\"articleSection\":[\"SISUSTUS\"],\"inLanguage\":\"fi\",\"potentialAction\":[{\"@type\":\"CommentAction\",\"name\":\"Comment\",\"target\":[\"https:\/\/www.marjawickman.com\/mustaovi\/2017\/09\/millainen-valaisin-olohuoneeseen.html#respond\"]}]},{\"@type\":\"WebPage\",\"@id\":\"https:\/\/www.marjawickman.com\/mustaovi\/2017\/09\/millainen-valaisin-olohuoneeseen.html\",\"url\":\"https:\/\/www.marjawickman.com\/mustaovi\/2017\/09\/millainen-valaisin-olohuoneeseen.html\",\"name\":\"MILLAINEN VALAISIN OLOHUONEESEEN : MUSTAOVI - Vuoden 2016 ja 2017 sisustusblogi\",\"isPartOf\":{\"@id\":\"https:\/\/www.marjawickman.com\/mustaovi\/#website\"},\"primaryImageOfPage\":{\"@id\":\"https:\/\/www.marjawickman.com\/mustaovi\/2017\/09\/millainen-valaisin-olohuoneeseen.html#primaryimage\"},\"image\":{\"@id\":\"https:\/\/www.marjawickman.com\/mustaovi\/2017\/09\/millainen-valaisin-olohuoneeseen.html#primaryimage\"},\"thumbnailUrl\":\"https:\/\/www.marjawickman.com\/mustaovi\/wp-content\/uploads\/2017\/09\/Copyrights_Mustaovi_k01-3-1440x1029.jpg\",\"datePublished\":\"2017-09-17T08:27:00+00:00\",\"dateModified\":\"2020-09-26T13:04:57+00:00\",\"breadcrumb\":{\"@id\":\"https:\/\/www.marjawickman.com\/mustaovi\/2017\/09\/millainen-valaisin-olohuoneeseen.html#breadcrumb\"},\"inLanguage\":\"fi\",\"potentialAction\":[{\"@type\":\"ReadAction\",\"target\":[\"https:\/\/www.marjawickman.com\/mustaovi\/2017\/09\/millainen-valaisin-olohuoneeseen.html\"]}]},{\"@type\":\"ImageObject\",\"inLanguage\":\"fi\",\"@id\":\"https:\/\/www.marjawickman.com\/mustaovi\/2017\/09\/millainen-valaisin-olohuoneeseen.html#primaryimage\",\"url\":\"https:\/\/www.marjawickman.com\/mustaovi\/wp-content\/uploads\/2017\/09\/Copyrights_Mustaovi_k01-3-1440x1029.jpg\",\"contentUrl\":\"https:\/\/www.marjawickman.com\/mustaovi\/wp-content\/uploads\/2017\/09\/Copyrights_Mustaovi_k01-3-1440x1029.jpg\"},{\"@type\":\"BreadcrumbList\",\"@id\":\"https:\/\/www.marjawickman.com\/mustaovi\/2017\/09\/millainen-valaisin-olohuoneeseen.html#breadcrumb\",\"itemListElement\":[{\"@type\":\"ListItem\",\"position\":1,\"name\":\"Home\",\"item\":\"https:\/\/www.marjawickman.com\/mustaovi\"},{\"@type\":\"ListItem\",\"position\":2,\"name\":\"MILLAINEN VALAISIN OLOHUONEESEEN\"}]},{\"@type\":\"WebSite\",\"@id\":\"https:\/\/www.marjawickman.com\/mustaovi\/#website\",\"url\":\"https:\/\/www.marjawickman.com\/mustaovi\/\",\"name\":\"MUSTAOVI - Vuoden 2016 ja 2017 sisustusblogi\",\"description\":\"\",\"publisher\":{\"@id\":\"https:\/\/www.marjawickman.com\/mustaovi\/#\/schema\/person\/a3331fad26c2e4cbdd821a412dd9565d\"},\"potentialAction\":[{\"@type\":\"SearchAction\",\"target\":{\"@type\":\"EntryPoint\",\"urlTemplate\":\"https:\/\/www.marjawickman.com\/mustaovi\/?s={search_term_string}\"},\"query-input\":{\"@type\":\"PropertyValueSpecification\",\"valueRequired\":true,\"valueName\":\"search_term_string\"}}],\"inLanguage\":\"fi\"},{\"@type\":[\"Person\",\"Organization\"],\"@id\":\"https:\/\/www.marjawickman.com\/mustaovi\/#\/schema\/person\/a3331fad26c2e4cbdd821a412dd9565d\",\"name\":\"marja\",\"image\":{\"@type\":\"ImageObject\",\"inLanguage\":\"fi\",\"@id\":\"https:\/\/www.marjawickman.com\/mustaovi\/#\/schema\/person\/image\/\",\"url\":\"https:\/\/secure.gravatar.com\/avatar\/5eb2e8be43d452c382f583136174e55d?s=96&d=mm&r=g\",\"contentUrl\":\"https:\/\/secure.gravatar.com\/avatar\/5eb2e8be43d452c382f583136174e55d?s=96&d=mm&r=g\",\"caption\":\"marja\"},\"logo\":{\"@id\":\"https:\/\/www.marjawickman.com\/mustaovi\/#\/schema\/person\/image\/\"},\"description\":\"My name is Maja and this is my blog Musta ovi. The blog is all about a house building, scandinavian design and a loft style. I'll share things and thoughts I like and get inspired.\",\"url\":\"https:\/\/www.marjawickman.com\/mustaovi\/author\/admin\"}]}<\/script>\n<!-- \/ Yoast SEO plugin. -->","yoast_head_json":{"title":"MILLAINEN VALAISIN OLOHUONEESEEN : MUSTAOVI - Vuoden 2016 ja 2017 sisustusblogi","robots":{"index":"index","follow":"follow","max-snippet":"max-snippet:-1","max-image-preview":"max-image-preview:large","max-video-preview":"max-video-preview:-1"},"canonical":"https:\/\/www.marjawickman.com\/mustaovi\/2017\/09\/millainen-valaisin-olohuoneeseen.html","og_locale":"fi_FI","og_type":"article","og_title":"MILLAINEN VALAISIN OLOHUONEESEEN : MUSTAOVI - Vuoden 2016 ja 2017 sisustusblogi","og_description":"Olemme aloittaneet koko perheen voimin uuden harrastuksen. Raahaudumme joka sunnuntai aamu kello kahdeksan uimahalliin ja polskimme puolituntia l\u00e4mmitetyss\u00e4 terapia-altaassa. Toistaiseksi aikaiset sunnuntait eiv\u00e4t ole juurikaan haitanneet. Viikonp\u00e4iv\u00e4t ovat menett\u00e4neet totaalisesti merkityksens\u00e4, kun ei suunnittele seuraavaan&hellip;","og_url":"https:\/\/www.marjawickman.com\/mustaovi\/2017\/09\/millainen-valaisin-olohuoneeseen.html","og_site_name":"MUSTAOVI - Vuoden 2016 ja 2017 sisustusblogi","article_published_time":"2017-09-17T08:27:00+00:00","article_modified_time":"2020-09-26T13:04:57+00:00","og_image":[{"url":"https:\/\/www.marjawickman.com\/mustaovi\/wp-content\/uploads\/2017\/09\/Copyrights_Mustaovi_k01-3-1440x1029.jpg","type":"","width":"","height":""}],"author":"marja","twitter_card":"summary_large_image","twitter_misc":{"Kirjoittanut":"marja","Arvioitu lukuaika":"2 minuuttia"},"schema":{"@context":"https:\/\/schema.org","@graph":[{"@type":"Article","@id":"https:\/\/www.marjawickman.com\/mustaovi\/2017\/09\/millainen-valaisin-olohuoneeseen.html#article","isPartOf":{"@id":"https:\/\/www.marjawickman.com\/mustaovi\/2017\/09\/millainen-valaisin-olohuoneeseen.html"},"author":{"name":"marja","@id":"https:\/\/www.marjawickman.com\/mustaovi\/#\/schema\/person\/a3331fad26c2e4cbdd821a412dd9565d"},"headline":"MILLAINEN VALAISIN OLOHUONEESEEN","datePublished":"2017-09-17T08:27:00+00:00","dateModified":"2020-09-26T13:04:57+00:00","mainEntityOfPage":{"@id":"https:\/\/www.marjawickman.com\/mustaovi\/2017\/09\/millainen-valaisin-olohuoneeseen.html"},"wordCount":358,"commentCount":2,"publisher":{"@id":"https:\/\/www.marjawickman.com\/mustaovi\/#\/schema\/person\/a3331fad26c2e4cbdd821a412dd9565d"},"image":{"@id":"https:\/\/www.marjawickman.com\/mustaovi\/2017\/09\/millainen-valaisin-olohuoneeseen.html#primaryimage"},"thumbnailUrl":"https:\/\/www.marjawickman.com\/mustaovi\/wp-content\/uploads\/2017\/09\/Copyrights_Mustaovi_k01-3-1440x1029.jpg","keywords":["ty\u00f6"],"articleSection":["SISUSTUS"],"inLanguage":"fi","potentialAction":[{"@type":"CommentAction","name":"Comment","target":["https:\/\/www.marjawickman.com\/mustaovi\/2017\/09\/millainen-valaisin-olohuoneeseen.html#respond"]}]},{"@type":"WebPage","@id":"https:\/\/www.marjawickman.com\/mustaovi\/2017\/09\/millainen-valaisin-olohuoneeseen.html","url":"https:\/\/www.marjawickman.com\/mustaovi\/2017\/09\/millainen-valaisin-olohuoneeseen.html","name":"MILLAINEN VALAISIN OLOHUONEESEEN : MUSTAOVI - Vuoden 2016 ja 2017 sisustusblogi","isPartOf":{"@id":"https:\/\/www.marjawickman.com\/mustaovi\/#website"},"primaryImageOfPage":{"@id":"https:\/\/www.marjawickman.com\/mustaovi\/2017\/09\/millainen-valaisin-olohuoneeseen.html#primaryimage"},"image":{"@id":"https:\/\/www.marjawickman.com\/mustaovi\/2017\/09\/millainen-valaisin-olohuoneeseen.html#primaryimage"},"thumbnailUrl":"https:\/\/www.marjawickman.com\/mustaovi\/wp-content\/uploads\/2017\/09\/Copyrights_Mustaovi_k01-3-1440x1029.jpg","datePublished":"2017-09-17T08:27:00+00:00","dateModified":"2020-09-26T13:04:57+00:00","breadcrumb":{"@id":"https:\/\/www.marjawickman.com\/mustaovi\/2017\/09\/millainen-valaisin-olohuoneeseen.html#breadcrumb"},"inLanguage":"fi","potentialAction":[{"@type":"ReadAction","target":["https:\/\/www.marjawickman.com\/mustaovi\/2017\/09\/millainen-valaisin-olohuoneeseen.html"]}]},{"@type":"ImageObject","inLanguage":"fi","@id":"https:\/\/www.marjawickman.com\/mustaovi\/2017\/09\/millainen-valaisin-olohuoneeseen.html#primaryimage","url":"https:\/\/www.marjawickman.com\/mustaovi\/wp-content\/uploads\/2017\/09\/Copyrights_Mustaovi_k01-3-1440x1029.jpg","contentUrl":"https:\/\/www.marjawickman.com\/mustaovi\/wp-content\/uploads\/2017\/09\/Copyrights_Mustaovi_k01-3-1440x1029.jpg"},{"@type":"BreadcrumbList","@id":"https:\/\/www.marjawickman.com\/mustaovi\/2017\/09\/millainen-valaisin-olohuoneeseen.html#breadcrumb","itemListElement":[{"@type":"ListItem","position":1,"name":"Home","item":"https:\/\/www.marjawickman.com\/mustaovi"},{"@type":"ListItem","position":2,"name":"MILLAINEN VALAISIN OLOHUONEESEEN"}]},{"@type":"WebSite","@id":"https:\/\/www.marjawickman.com\/mustaovi\/#website","url":"https:\/\/www.marjawickman.com\/mustaovi\/","name":"MUSTAOVI - Vuoden 2016 ja 2017 sisustusblogi","description":"","publisher":{"@id":"https:\/\/www.marjawickman.com\/mustaovi\/#\/schema\/person\/a3331fad26c2e4cbdd821a412dd9565d"},"potentialAction":[{"@type":"SearchAction","target":{"@type":"EntryPoint","urlTemplate":"https:\/\/www.marjawickman.com\/mustaovi\/?s={search_term_string}"},"query-input":{"@type":"PropertyValueSpecification","valueRequired":true,"valueName":"search_term_string"}}],"inLanguage":"fi"},{"@type":["Person","Organization"],"@id":"https:\/\/www.marjawickman.com\/mustaovi\/#\/schema\/person\/a3331fad26c2e4cbdd821a412dd9565d","name":"marja","image":{"@type":"ImageObject","inLanguage":"fi","@id":"https:\/\/www.marjawickman.com\/mustaovi\/#\/schema\/person\/image\/","url":"https:\/\/secure.gravatar.com\/avatar\/5eb2e8be43d452c382f583136174e55d?s=96&d=mm&r=g","contentUrl":"https:\/\/secure.gravatar.com\/avatar\/5eb2e8be43d452c382f583136174e55d?s=96&d=mm&r=g","caption":"marja"},"logo":{"@id":"https:\/\/www.marjawickman.com\/mustaovi\/#\/schema\/person\/image\/"},"description":"My name is Maja and this is my blog Musta ovi. The blog is all about a house building, scandinavian design and a loft style. I'll share things and thoughts I like and get inspired.","url":"https:\/\/www.marjawickman.com\/mustaovi\/author\/admin"}]}},"_links":{"self":[{"href":"https:\/\/www.marjawickman.com\/mustaovi\/wp-json\/wp\/v2\/posts\/453","targetHints":{"allow":["GET"]}}],"collection":[{"href":"https:\/\/www.marjawickman.com\/mustaovi\/wp-json\/wp\/v2\/posts"}],"about":[{"href":"https:\/\/www.marjawickman.com\/mustaovi\/wp-json\/wp\/v2\/types\/post"}],"author":[{"embeddable":true,"href":"https:\/\/www.marjawickman.com\/mustaovi\/wp-json\/wp\/v2\/users\/1"}],"replies":[{"embeddable":true,"href":"https:\/\/www.marjawickman.com\/mustaovi\/wp-json\/wp\/v2\/comments?post=453"}],"version-history":[{"count":1,"href":"https:\/\/www.marjawickman.com\/mustaovi\/wp-json\/wp\/v2\/posts\/453\/revisions"}],"predecessor-version":[{"id":2819,"href":"https:\/\/www.marjawickman.com\/mustaovi\/wp-json\/wp\/v2\/posts\/453\/revisions\/2819"}],"wp:attachment":[{"href":"https:\/\/www.marjawickman.com\/mustaovi\/wp-json\/wp\/v2\/media?parent=453"}],"wp:term":[{"taxonomy":"category","embeddable":true,"href":"https:\/\/www.marjawickman.com\/mustaovi\/wp-json\/wp\/v2\/categories?post=453"},{"taxonomy":"post_tag","embeddable":true,"href":"https:\/\/www.marjawickman.com\/mustaovi\/wp-json\/wp\/v2\/tags?post=453"}],"curies":[{"name":"wp","href":"https:\/\/api.w.org\/{rel}","templated":true}]}}