{"id":457,"date":"2021-02-15T10:06:00","date_gmt":"2021-02-15T07:06:00","guid":{"rendered":"https:\/\/www.marjawickman.com\/mustaovi\/2017\/09\/tallainen-on-lapsiperheen-unelmakoti\/"},"modified":"2021-02-15T19:06:30","modified_gmt":"2021-02-15T16:06:30","slug":"millainen-on-lapsiperheen-unelmienkoti","status":"publish","type":"post","link":"https:\/\/www.marjawickman.com\/mustaovi\/2021\/02\/millainen-on-lapsiperheen-unelmienkoti.html","title":{"rendered":"MILLAINEN ON LAPSIPERHEEN UNELMIEN KOTI?"},"content":{"rendered":"\n<figure class=\"wp-block-image size-large\"><img loading=\"lazy\" decoding=\"async\" width=\"1440\" height=\"2160\" src=\"https:\/\/www.marjawickman.com\/mustaovi\/wp-content\/uploads\/2021\/02\/Copyrights_Marja-Wicman_k07-1440x2160.jpg\" alt=\"\" class=\"wp-image-4831\" srcset=\"https:\/\/www.marjawickman.com\/mustaovi\/wp-content\/uploads\/2021\/02\/Copyrights_Marja-Wicman_k07-1440x2160.jpg 1440w, https:\/\/www.marjawickman.com\/mustaovi\/wp-content\/uploads\/2021\/02\/Copyrights_Marja-Wicman_k07-300x450.jpg 300w, https:\/\/www.marjawickman.com\/mustaovi\/wp-content\/uploads\/2021\/02\/Copyrights_Marja-Wicman_k07-scaled.jpg 1707w\" sizes=\"auto, (max-width: 1440px) 100vw, 1440px\" \/><\/figure>\n\n\n\n<p>Sain jokin aika sitten lukijalta toiveen, ett\u00e4 kertoisin, kuinka kotimme on toiminut nyt lapsi arjessa.&nbsp;Onko kotimme haaveilemamme unelmien lapsiperheen koti?<\/p>\n\n\n\n<p>Kysymys on palannut mieleeni usein ja olen huomannut miettiv\u00e4ni l\u00e4hes p\u00e4ivitt\u00e4in, onko ajatuksella \u201dvauvasta vaariin\u201d suunnittelemamme talo oikeasti lapsiperheelle niin sopiva, kuin toivoimme. <\/p>\n\n\n\n<p><strong>Onko ylip\u00e4\u00e4t\u00e4\u00e4n mahdollista suunnitella taloa, joka huomioisi koko ihmisen elinkaaren?<\/strong><\/p>\n\n\n\n<figure class=\"wp-block-image size-large\"><img loading=\"lazy\" decoding=\"async\" width=\"1440\" height=\"2160\" src=\"https:\/\/www.marjawickman.com\/mustaovi\/wp-content\/uploads\/2021\/02\/Copyrights_Marja-Wicman_k05-1440x2160.jpg\" alt=\"Millainen on lapsiperheen unelmien koti?\" class=\"wp-image-4830\" srcset=\"https:\/\/www.marjawickman.com\/mustaovi\/wp-content\/uploads\/2021\/02\/Copyrights_Marja-Wicman_k05-1440x2160.jpg 1440w, https:\/\/www.marjawickman.com\/mustaovi\/wp-content\/uploads\/2021\/02\/Copyrights_Marja-Wicman_k05-300x450.jpg 300w, https:\/\/www.marjawickman.com\/mustaovi\/wp-content\/uploads\/2021\/02\/Copyrights_Marja-Wicman_k05-1024x1536.jpg 1024w, https:\/\/www.marjawickman.com\/mustaovi\/wp-content\/uploads\/2021\/02\/Copyrights_Marja-Wicman_k05-1365x2048.jpg 1365w, https:\/\/www.marjawickman.com\/mustaovi\/wp-content\/uploads\/2021\/02\/Copyrights_Marja-Wicman_k05-800x1200.jpg 800w, https:\/\/www.marjawickman.com\/mustaovi\/wp-content\/uploads\/2021\/02\/Copyrights_Marja-Wicman_k05-scaled.jpg 1707w\" sizes=\"auto, (max-width: 1440px) 100vw, 1440px\" \/><\/figure>\n\n\n\n<h2 class=\"wp-block-heading\">Millainen on lapsiperheen unelmien koti?&nbsp;<\/h2>\n\n\n\n<p>Helsingin kaupunkisuunnitteluvirasto teetti vuosikymmenen alussa <a rel=\"noreferrer noopener\" href=\"https:\/\/www.hel.fi\/hel2\/ksv\/julkaisut\/yos_2010-5.pdf\" target=\"_blank\"><strong><em>Vetovoimainen esikaupunki asuminen<\/em><\/strong><\/a> -kyselyn kaupunkilaisperheille.&nbsp;<\/p>\n\n\n\n<p>Korona-vuoden my\u00f6t\u00e4 tarpeet ja toiveet ovat hieman muuttuneet, mutta edelleen tutkimus on mielest\u00e4ni paikkansa pit\u00e4v\u00e4.<\/p>\n\n\n\n<p>Kyselyyn vastanneiden perheiden asuntojen koko oli keskim\u00e4\u00e4rin noin 97 neli\u00f6t\u00e4 ja he haluaisivat muuttaa mieluiten noin 120-neli\u00f6iseen omakoti- tai pientaloon.&nbsp;<\/p>\n\n\n\n<p>Selvityksess\u00e4 todettiin, ett\u00e4 kantakaupunki on selke\u00e4sti vetovoimainen asuinpaikka, mutta monelle perheelle, kuten my\u00f6s meille, taloudellisesti ep\u00e4realistinen.&nbsp;<\/p>\n\n\n\n<p>Kun meill\u00e4 alkoi unelmissa siint\u00e4\u00e4 isompi asunto, suuntasimme katseemme etel\u00e4isen Helsingin j\u00e4rjett\u00f6m\u00e4n kalliista neli\u00f6hinnoista kymmenisen kilometri\u00e4 viel\u00e4 tuolloin ei niin vetovoimaiseen pohjoiseen.<\/p>\n\n\n\n<figure class=\"wp-block-image size-large\"><img decoding=\"async\" src=\"https:\/\/www.marjawickman.com\/mustaovi\/wp-content\/uploads\/2021\/02\/Copyrights_Marja-Wicman_k08.jpg\" alt=\"Millainen on lapsiperheen unelmien koti?\" class=\"wp-image-4832\"\/><\/figure>\n\n\n\n<p>Rakennusvaiheessa asuimme Helsingin Ullanlinnassa <strong><em><a rel=\"noreferrer noopener\" href=\"https:\/\/marjawickman.com\/mustaovi\/2013\/09\/vinkkeja-yksion-sisustamiseen_6371.html\" target=\"_blank\">30 neli\u00f6n yksi\u00f6ss\u00e4<\/a><\/em><\/strong> ja ruokakuntaamme kuuluin kaksi aikuista ja koira.<\/p>\n\n\n\n<p>Pari vuotta talomme valmistumisen j\u00e4lkeen meille saapui viel\u00e4 yksi kirsu lis\u00e4\u00e4. Kirjoitin tuolloin postauksen aiheesta<strong><em> <a rel=\"noreferrer noopener\" href=\"https:\/\/marjawickman.com\/mustaovi\/2016\/07\/lemmikit-sisustuksessa.html\" target=\"_blank\">\u201dLemmikit sisustuksessa\u201d<\/a><\/em><\/strong>, jossa sivusin my\u00f6s el\u00e4intalouden arkea helpottavia toimintoja, joita otimme huomioon jo taloa suunnitellessa.<\/p>\n\n\n\n<p>2017 kerroin teille <strong><em><a href=\"https:\/\/marjawickman.com\/mustaovi\/2017\/03\/salaisuus_28.html\" target=\"_blank\" rel=\"noreferrer noopener\">\u201dSalaisuuden\u201d<\/a><\/em><\/strong> ja t\u00e4st\u00e4 vajaa kuukausi my\u00f6hemmin perheemme v\u00e4kiluku kasvoi kauan ja hartaasti odotetulla mini-ihmisell\u00e4.\u00a0 Kahden aikuisen taloudesta tuli kertarys\u00e4yksell\u00e4 lapsiperheen koti.<\/p>\n\n\n\n<figure class=\"wp-block-image size-large\"><img loading=\"lazy\" decoding=\"async\" width=\"1440\" height=\"2160\" src=\"https:\/\/www.marjawickman.com\/mustaovi\/wp-content\/uploads\/2021\/02\/Copyrights_Marja-Wicman_k10-1440x2160.jpg\" alt=\"Millainen on lapsiperheen unelmien koti?\" class=\"wp-image-4833\" srcset=\"https:\/\/www.marjawickman.com\/mustaovi\/wp-content\/uploads\/2021\/02\/Copyrights_Marja-Wicman_k10-1440x2160.jpg 1440w, https:\/\/www.marjawickman.com\/mustaovi\/wp-content\/uploads\/2021\/02\/Copyrights_Marja-Wicman_k10-300x450.jpg 300w, https:\/\/www.marjawickman.com\/mustaovi\/wp-content\/uploads\/2021\/02\/Copyrights_Marja-Wicman_k10-1024x1536.jpg 1024w, https:\/\/www.marjawickman.com\/mustaovi\/wp-content\/uploads\/2021\/02\/Copyrights_Marja-Wicman_k10-1365x2048.jpg 1365w, https:\/\/www.marjawickman.com\/mustaovi\/wp-content\/uploads\/2021\/02\/Copyrights_Marja-Wicman_k10-800x1200.jpg 800w, https:\/\/www.marjawickman.com\/mustaovi\/wp-content\/uploads\/2021\/02\/Copyrights_Marja-Wicman_k10-scaled.jpg 1707w\" sizes=\"auto, (max-width: 1440px) 100vw, 1440px\" \/><\/figure>\n\n\n\n<h2 class=\"wp-block-heading\">Eteen voi aina tulla tilanteita, jotka eiv\u00e4t ole ennakoitavissa ja yll\u00e4tt\u00e4v\u00e4t<\/h2>\n\n\n\n<p>Kotimme l\u00f6ytyy alueelta, joka vastaa pitk\u00e4lti kyselyn tuloksista esiin noussutta lapsiperheiden unelmien toivelistaa:&nbsp;<\/p>\n\n\n\n<blockquote class=\"wp-block-quote is-style-large is-layout-flow wp-block-quote-is-layout-flow\"><p>\u201comakotitalo, joka on toteutettu omalle tontille, asuinalueen miellytt\u00e4v\u00e4 arkkitehtuuri ja pientalovaltainen mittakaava, asunnon energiatehokkuus, virkistysalueet, -reitit ja ladut.\u201d&nbsp;<\/p><\/blockquote>\n\n\n\n<p>Toivelistalta l\u00f6ytyy lis\u00e4ksi kohtuullinen et\u00e4isyys kouluista ja p\u00e4iv\u00e4kodista, kattavat ja nopeat julkisen liikenteen yhteydet sek\u00e4 l\u00e4hikaupan, l\u00e4hileikkipuiston ja l\u00e4hiliikuntapaikkojen saavutettavuus.&nbsp;&nbsp;<\/p>\n\n\n\n<p>Talomme on kaksikerroksinen ja alakerran osalta t\u00e4ysin esteet\u00f6n. Mik\u00e4li kaava olisi mahdollistanut, olisimme ehdottomasti rakentaneet talon yhteen kerrokseen.&nbsp;<\/p>\n\n\n\n<figure class=\"wp-block-image size-large\"><img loading=\"lazy\" decoding=\"async\" width=\"1440\" height=\"2160\" src=\"https:\/\/www.marjawickman.com\/mustaovi\/wp-content\/uploads\/2021\/02\/Copyrights_Marja-Wicman_k09-1440x2160.jpg\" alt=\"Millainen on lapsiperheen unelmien koti?\" class=\"wp-image-4834\" srcset=\"https:\/\/www.marjawickman.com\/mustaovi\/wp-content\/uploads\/2021\/02\/Copyrights_Marja-Wicman_k09-1440x2160.jpg 1440w, https:\/\/www.marjawickman.com\/mustaovi\/wp-content\/uploads\/2021\/02\/Copyrights_Marja-Wicman_k09-300x450.jpg 300w, https:\/\/www.marjawickman.com\/mustaovi\/wp-content\/uploads\/2021\/02\/Copyrights_Marja-Wicman_k09-scaled.jpg 1707w\" sizes=\"auto, (max-width: 1440px) 100vw, 1440px\" \/><\/figure>\n\n\n\n<h2 class=\"wp-block-heading\">My\u00f6s toiveet, tarpeet ja maut muuttuvat&nbsp;<\/h2>\n\n\n\n<p>Ty\u00f6ni kautta tuhansia erilaisia koteja n\u00e4hneen\u00e4 voin kertoa, ett\u00e4 niit\u00e4 kaikkia yhdist\u00e4\u00e4 yksi ja sama asia. Jokainen on omistajilleen muistoja t\u00e4ynn\u00e4, erityinen, t\u00e4rke\u00e4 ja rakas.<\/p>\n\n\n\n<p>Minusta on ihana inspiroitua jokaisesta kodista vaikka se ei sijainniltaan, kokoluokaltaan tai jopa tyylilt\u00e4\u00e4n vastaisi t\u00e4ysin omaa makuani ja tarpeitani.<\/p>\n\n\n\n<p>Haaveilen edelleen kerrostalokodista kantakaupungissa, satavuotiaasta puutalokaunokaisesta ja mustasta hirsitalosta saaressa. Samalla nautin suunnattomasti uudehkon omakotitalomme hyv\u00e4st\u00e4 pohjaratkaisusta ja suuresta pihasta.&nbsp;<\/p>\n\n\n\n<p>Kotimme avointen tilojen muunneltavuus mahdollistaa sen, ett\u00e4 muuttoleikkien sijaan voidaan talossa tehd\u00e4 suht helposti muuttumisleikkej\u00e4. <\/p>\n\n\n\n<p>Ensimm\u00e4inen n\u00e4ist\u00e4 oli TV-huoneen rajaaminen <a href=\"https:\/\/marjawickman.com\/mustaovi\/search\/label\/LASTENHUONE\"><strong><em>l<\/em><\/strong><\/a><a rel=\"noreferrer noopener\" href=\"https:\/\/marjawickman.com\/mustaovi\/search\/label\/LASTENHUONE\" target=\"_blank\"><strong><em>astenhuoneeksi<\/em><\/strong><\/a> sein\u00e4ll\u00e4, jolloin lelut ja leikit ovat n\u00e4pp\u00e4r\u00e4sti tuvan yhteydess\u00e4 siell\u00e4, miss\u00e4 muukin perhe, mutta kuitenkin tarvittaessa omassa tilassa ja rauhassa.&nbsp;&nbsp;&nbsp;<\/p>\n\n\n\n<h2 class=\"wp-block-heading\">AIHEESTA LIS\u00c4\u00c4: <a href=\"https:\/\/www.marjawickman.com\/mustaovi\/2016\/08\/kodin-toimivin-ratkaisu.html\" target=\"_blank\" rel=\"noreferrer noopener\"><strong><em>KODIN TOIMIVIN RATKAISU<\/em><\/strong><\/a><\/h2>\n","protected":false},"excerpt":{"rendered":"<p>Sain jokin aika sitten lukijalta toiveen, ett\u00e4 kertoisin, kuinka kotimme on toiminut nyt lapsi arjessa.&nbsp;Onko kotimme haaveilemamme unelmien lapsiperheen koti? Kysymys on palannut mieleeni usein ja olen huomannut miettiv\u00e4ni l\u00e4hes p\u00e4ivitt\u00e4in, onko ajatuksella \u201dvauvasta vaariin\u201d&hellip;<\/p>\n","protected":false},"author":1,"featured_media":0,"comment_status":"open","ping_status":"closed","sticky":false,"template":"","format":"standard","meta":{"footnotes":""},"categories":[36],"tags":[81],"class_list":["post-457","post","type-post","status-publish","format-standard","hentry","category-rakentaminen","tag-perhe"],"yoast_head":"<!-- This site is optimized with the Yoast SEO plugin v24.7 - https:\/\/yoast.com\/wordpress\/plugins\/seo\/ -->\n<title>MILLAINEN ON LAPSIPERHEEN UNELMIEN KOTI? : MUSTAOVI - Vuoden 2016 ja 2017 sisustusblogi<\/title>\n<meta name=\"description\" content=\"Onko ajatuksella \u201dvauvasta vaariin\u201d suunnittelemamme talo lapsiperheen unelmien koti. Voisko edes suunnitella taloa, joka huomioisi koko ihmisen elinkaaren?\" \/>\n<meta name=\"robots\" content=\"index, follow, max-snippet:-1, max-image-preview:large, max-video-preview:-1\" \/>\n<link rel=\"canonical\" href=\"https:\/\/www.marjawickman.com\/mustaovi\/2021\/02\/millainen-on-lapsiperheen-unelmienkoti.html\" \/>\n<meta property=\"og:locale\" content=\"fi_FI\" \/>\n<meta property=\"og:type\" content=\"article\" \/>\n<meta property=\"og:title\" content=\"MILLAINEN ON LAPSIPERHEEN UNELMIEN KOTI? : MUSTAOVI - Vuoden 2016 ja 2017 sisustusblogi\" \/>\n<meta property=\"og:description\" content=\"Onko ajatuksella \u201dvauvasta vaariin\u201d suunnittelemamme talo lapsiperheen unelmien koti. Voisko edes suunnitella taloa, joka huomioisi koko ihmisen elinkaaren?\" \/>\n<meta property=\"og:url\" content=\"https:\/\/www.marjawickman.com\/mustaovi\/2021\/02\/millainen-on-lapsiperheen-unelmienkoti.html\" \/>\n<meta property=\"og:site_name\" content=\"MUSTAOVI - Vuoden 2016 ja 2017 sisustusblogi\" \/>\n<meta property=\"article:published_time\" content=\"2021-02-15T07:06:00+00:00\" \/>\n<meta property=\"article:modified_time\" content=\"2021-02-15T16:06:30+00:00\" \/>\n<meta property=\"og:image\" content=\"https:\/\/www.marjawickman.com\/mustaovi\/wp-content\/uploads\/2021\/02\/Copyrights_Marja-Wicman_k07-1440x2160.jpg\" \/>\n<meta name=\"author\" content=\"marja\" \/>\n<meta name=\"twitter:card\" content=\"summary_large_image\" \/>\n<meta name=\"twitter:label1\" content=\"Kirjoittanut\" \/>\n\t<meta name=\"twitter:data1\" content=\"marja\" \/>\n\t<meta name=\"twitter:label2\" content=\"Arvioitu lukuaika\" \/>\n\t<meta name=\"twitter:data2\" content=\"3 minuuttia\" \/>\n<script type=\"application\/ld+json\" class=\"yoast-schema-graph\">{\"@context\":\"https:\/\/schema.org\",\"@graph\":[{\"@type\":\"Article\",\"@id\":\"https:\/\/www.marjawickman.com\/mustaovi\/2021\/02\/millainen-on-lapsiperheen-unelmienkoti.html#article\",\"isPartOf\":{\"@id\":\"https:\/\/www.marjawickman.com\/mustaovi\/2021\/02\/millainen-on-lapsiperheen-unelmienkoti.html\"},\"author\":{\"name\":\"marja\",\"@id\":\"https:\/\/www.marjawickman.com\/mustaovi\/#\/schema\/person\/a3331fad26c2e4cbdd821a412dd9565d\"},\"headline\":\"MILLAINEN ON LAPSIPERHEEN UNELMIEN KOTI?\",\"datePublished\":\"2021-02-15T07:06:00+00:00\",\"dateModified\":\"2021-02-15T16:06:30+00:00\",\"mainEntityOfPage\":{\"@id\":\"https:\/\/www.marjawickman.com\/mustaovi\/2021\/02\/millainen-on-lapsiperheen-unelmienkoti.html\"},\"wordCount\":486,\"commentCount\":0,\"publisher\":{\"@id\":\"https:\/\/www.marjawickman.com\/mustaovi\/#\/schema\/person\/a3331fad26c2e4cbdd821a412dd9565d\"},\"image\":{\"@id\":\"https:\/\/www.marjawickman.com\/mustaovi\/2021\/02\/millainen-on-lapsiperheen-unelmienkoti.html#primaryimage\"},\"thumbnailUrl\":\"https:\/\/www.marjawickman.com\/mustaovi\/wp-content\/uploads\/2021\/02\/Copyrights_Marja-Wicman_k07-1440x2160.jpg\",\"keywords\":[\"perhe\"],\"articleSection\":[\"RAKENTAMINEN\"],\"inLanguage\":\"fi\",\"potentialAction\":[{\"@type\":\"CommentAction\",\"name\":\"Comment\",\"target\":[\"https:\/\/www.marjawickman.com\/mustaovi\/2021\/02\/millainen-on-lapsiperheen-unelmienkoti.html#respond\"]}]},{\"@type\":\"WebPage\",\"@id\":\"https:\/\/www.marjawickman.com\/mustaovi\/2021\/02\/millainen-on-lapsiperheen-unelmienkoti.html\",\"url\":\"https:\/\/www.marjawickman.com\/mustaovi\/2021\/02\/millainen-on-lapsiperheen-unelmienkoti.html\",\"name\":\"MILLAINEN ON LAPSIPERHEEN UNELMIEN KOTI? : MUSTAOVI - Vuoden 2016 ja 2017 sisustusblogi\",\"isPartOf\":{\"@id\":\"https:\/\/www.marjawickman.com\/mustaovi\/#website\"},\"primaryImageOfPage\":{\"@id\":\"https:\/\/www.marjawickman.com\/mustaovi\/2021\/02\/millainen-on-lapsiperheen-unelmienkoti.html#primaryimage\"},\"image\":{\"@id\":\"https:\/\/www.marjawickman.com\/mustaovi\/2021\/02\/millainen-on-lapsiperheen-unelmienkoti.html#primaryimage\"},\"thumbnailUrl\":\"https:\/\/www.marjawickman.com\/mustaovi\/wp-content\/uploads\/2021\/02\/Copyrights_Marja-Wicman_k07-1440x2160.jpg\",\"datePublished\":\"2021-02-15T07:06:00+00:00\",\"dateModified\":\"2021-02-15T16:06:30+00:00\",\"description\":\"Onko ajatuksella \u201dvauvasta vaariin\u201d suunnittelemamme talo lapsiperheen unelmien koti. Voisko edes suunnitella taloa, joka huomioisi koko ihmisen elinkaaren?\",\"breadcrumb\":{\"@id\":\"https:\/\/www.marjawickman.com\/mustaovi\/2021\/02\/millainen-on-lapsiperheen-unelmienkoti.html#breadcrumb\"},\"inLanguage\":\"fi\",\"potentialAction\":[{\"@type\":\"ReadAction\",\"target\":[\"https:\/\/www.marjawickman.com\/mustaovi\/2021\/02\/millainen-on-lapsiperheen-unelmienkoti.html\"]}]},{\"@type\":\"ImageObject\",\"inLanguage\":\"fi\",\"@id\":\"https:\/\/www.marjawickman.com\/mustaovi\/2021\/02\/millainen-on-lapsiperheen-unelmienkoti.html#primaryimage\",\"url\":\"https:\/\/www.marjawickman.com\/mustaovi\/wp-content\/uploads\/2021\/02\/Copyrights_Marja-Wicman_k07-1440x2160.jpg\",\"contentUrl\":\"https:\/\/www.marjawickman.com\/mustaovi\/wp-content\/uploads\/2021\/02\/Copyrights_Marja-Wicman_k07-1440x2160.jpg\"},{\"@type\":\"BreadcrumbList\",\"@id\":\"https:\/\/www.marjawickman.com\/mustaovi\/2021\/02\/millainen-on-lapsiperheen-unelmienkoti.html#breadcrumb\",\"itemListElement\":[{\"@type\":\"ListItem\",\"position\":1,\"name\":\"Home\",\"item\":\"https:\/\/www.marjawickman.com\/mustaovi\"},{\"@type\":\"ListItem\",\"position\":2,\"name\":\"MILLAINEN ON LAPSIPERHEEN UNELMIEN KOTI?\"}]},{\"@type\":\"WebSite\",\"@id\":\"https:\/\/www.marjawickman.com\/mustaovi\/#website\",\"url\":\"https:\/\/www.marjawickman.com\/mustaovi\/\",\"name\":\"MUSTAOVI - Vuoden 2016 ja 2017 sisustusblogi\",\"description\":\"\",\"publisher\":{\"@id\":\"https:\/\/www.marjawickman.com\/mustaovi\/#\/schema\/person\/a3331fad26c2e4cbdd821a412dd9565d\"},\"potentialAction\":[{\"@type\":\"SearchAction\",\"target\":{\"@type\":\"EntryPoint\",\"urlTemplate\":\"https:\/\/www.marjawickman.com\/mustaovi\/?s={search_term_string}\"},\"query-input\":{\"@type\":\"PropertyValueSpecification\",\"valueRequired\":true,\"valueName\":\"search_term_string\"}}],\"inLanguage\":\"fi\"},{\"@type\":[\"Person\",\"Organization\"],\"@id\":\"https:\/\/www.marjawickman.com\/mustaovi\/#\/schema\/person\/a3331fad26c2e4cbdd821a412dd9565d\",\"name\":\"marja\",\"image\":{\"@type\":\"ImageObject\",\"inLanguage\":\"fi\",\"@id\":\"https:\/\/www.marjawickman.com\/mustaovi\/#\/schema\/person\/image\/\",\"url\":\"https:\/\/secure.gravatar.com\/avatar\/5eb2e8be43d452c382f583136174e55d?s=96&d=mm&r=g\",\"contentUrl\":\"https:\/\/secure.gravatar.com\/avatar\/5eb2e8be43d452c382f583136174e55d?s=96&d=mm&r=g\",\"caption\":\"marja\"},\"logo\":{\"@id\":\"https:\/\/www.marjawickman.com\/mustaovi\/#\/schema\/person\/image\/\"},\"description\":\"My name is Maja and this is my blog Musta ovi. The blog is all about a house building, scandinavian design and a loft style. I'll share things and thoughts I like and get inspired.\",\"url\":\"https:\/\/www.marjawickman.com\/mustaovi\/author\/admin\"}]}<\/script>\n<!-- \/ Yoast SEO plugin. -->","yoast_head_json":{"title":"MILLAINEN ON LAPSIPERHEEN UNELMIEN KOTI? : MUSTAOVI - Vuoden 2016 ja 2017 sisustusblogi","description":"Onko ajatuksella \u201dvauvasta vaariin\u201d suunnittelemamme talo lapsiperheen unelmien koti. Voisko edes suunnitella taloa, joka huomioisi koko ihmisen elinkaaren?","robots":{"index":"index","follow":"follow","max-snippet":"max-snippet:-1","max-image-preview":"max-image-preview:large","max-video-preview":"max-video-preview:-1"},"canonical":"https:\/\/www.marjawickman.com\/mustaovi\/2021\/02\/millainen-on-lapsiperheen-unelmienkoti.html","og_locale":"fi_FI","og_type":"article","og_title":"MILLAINEN ON LAPSIPERHEEN UNELMIEN KOTI? : MUSTAOVI - Vuoden 2016 ja 2017 sisustusblogi","og_description":"Onko ajatuksella \u201dvauvasta vaariin\u201d suunnittelemamme talo lapsiperheen unelmien koti. Voisko edes suunnitella taloa, joka huomioisi koko ihmisen elinkaaren?","og_url":"https:\/\/www.marjawickman.com\/mustaovi\/2021\/02\/millainen-on-lapsiperheen-unelmienkoti.html","og_site_name":"MUSTAOVI - Vuoden 2016 ja 2017 sisustusblogi","article_published_time":"2021-02-15T07:06:00+00:00","article_modified_time":"2021-02-15T16:06:30+00:00","og_image":[{"url":"https:\/\/www.marjawickman.com\/mustaovi\/wp-content\/uploads\/2021\/02\/Copyrights_Marja-Wicman_k07-1440x2160.jpg","type":"","width":"","height":""}],"author":"marja","twitter_card":"summary_large_image","twitter_misc":{"Kirjoittanut":"marja","Arvioitu lukuaika":"3 minuuttia"},"schema":{"@context":"https:\/\/schema.org","@graph":[{"@type":"Article","@id":"https:\/\/www.marjawickman.com\/mustaovi\/2021\/02\/millainen-on-lapsiperheen-unelmienkoti.html#article","isPartOf":{"@id":"https:\/\/www.marjawickman.com\/mustaovi\/2021\/02\/millainen-on-lapsiperheen-unelmienkoti.html"},"author":{"name":"marja","@id":"https:\/\/www.marjawickman.com\/mustaovi\/#\/schema\/person\/a3331fad26c2e4cbdd821a412dd9565d"},"headline":"MILLAINEN ON LAPSIPERHEEN UNELMIEN KOTI?","datePublished":"2021-02-15T07:06:00+00:00","dateModified":"2021-02-15T16:06:30+00:00","mainEntityOfPage":{"@id":"https:\/\/www.marjawickman.com\/mustaovi\/2021\/02\/millainen-on-lapsiperheen-unelmienkoti.html"},"wordCount":486,"commentCount":0,"publisher":{"@id":"https:\/\/www.marjawickman.com\/mustaovi\/#\/schema\/person\/a3331fad26c2e4cbdd821a412dd9565d"},"image":{"@id":"https:\/\/www.marjawickman.com\/mustaovi\/2021\/02\/millainen-on-lapsiperheen-unelmienkoti.html#primaryimage"},"thumbnailUrl":"https:\/\/www.marjawickman.com\/mustaovi\/wp-content\/uploads\/2021\/02\/Copyrights_Marja-Wicman_k07-1440x2160.jpg","keywords":["perhe"],"articleSection":["RAKENTAMINEN"],"inLanguage":"fi","potentialAction":[{"@type":"CommentAction","name":"Comment","target":["https:\/\/www.marjawickman.com\/mustaovi\/2021\/02\/millainen-on-lapsiperheen-unelmienkoti.html#respond"]}]},{"@type":"WebPage","@id":"https:\/\/www.marjawickman.com\/mustaovi\/2021\/02\/millainen-on-lapsiperheen-unelmienkoti.html","url":"https:\/\/www.marjawickman.com\/mustaovi\/2021\/02\/millainen-on-lapsiperheen-unelmienkoti.html","name":"MILLAINEN ON LAPSIPERHEEN UNELMIEN KOTI? : MUSTAOVI - Vuoden 2016 ja 2017 sisustusblogi","isPartOf":{"@id":"https:\/\/www.marjawickman.com\/mustaovi\/#website"},"primaryImageOfPage":{"@id":"https:\/\/www.marjawickman.com\/mustaovi\/2021\/02\/millainen-on-lapsiperheen-unelmienkoti.html#primaryimage"},"image":{"@id":"https:\/\/www.marjawickman.com\/mustaovi\/2021\/02\/millainen-on-lapsiperheen-unelmienkoti.html#primaryimage"},"thumbnailUrl":"https:\/\/www.marjawickman.com\/mustaovi\/wp-content\/uploads\/2021\/02\/Copyrights_Marja-Wicman_k07-1440x2160.jpg","datePublished":"2021-02-15T07:06:00+00:00","dateModified":"2021-02-15T16:06:30+00:00","description":"Onko ajatuksella \u201dvauvasta vaariin\u201d suunnittelemamme talo lapsiperheen unelmien koti. Voisko edes suunnitella taloa, joka huomioisi koko ihmisen elinkaaren?","breadcrumb":{"@id":"https:\/\/www.marjawickman.com\/mustaovi\/2021\/02\/millainen-on-lapsiperheen-unelmienkoti.html#breadcrumb"},"inLanguage":"fi","potentialAction":[{"@type":"ReadAction","target":["https:\/\/www.marjawickman.com\/mustaovi\/2021\/02\/millainen-on-lapsiperheen-unelmienkoti.html"]}]},{"@type":"ImageObject","inLanguage":"fi","@id":"https:\/\/www.marjawickman.com\/mustaovi\/2021\/02\/millainen-on-lapsiperheen-unelmienkoti.html#primaryimage","url":"https:\/\/www.marjawickman.com\/mustaovi\/wp-content\/uploads\/2021\/02\/Copyrights_Marja-Wicman_k07-1440x2160.jpg","contentUrl":"https:\/\/www.marjawickman.com\/mustaovi\/wp-content\/uploads\/2021\/02\/Copyrights_Marja-Wicman_k07-1440x2160.jpg"},{"@type":"BreadcrumbList","@id":"https:\/\/www.marjawickman.com\/mustaovi\/2021\/02\/millainen-on-lapsiperheen-unelmienkoti.html#breadcrumb","itemListElement":[{"@type":"ListItem","position":1,"name":"Home","item":"https:\/\/www.marjawickman.com\/mustaovi"},{"@type":"ListItem","position":2,"name":"MILLAINEN ON LAPSIPERHEEN UNELMIEN KOTI?"}]},{"@type":"WebSite","@id":"https:\/\/www.marjawickman.com\/mustaovi\/#website","url":"https:\/\/www.marjawickman.com\/mustaovi\/","name":"MUSTAOVI - Vuoden 2016 ja 2017 sisustusblogi","description":"","publisher":{"@id":"https:\/\/www.marjawickman.com\/mustaovi\/#\/schema\/person\/a3331fad26c2e4cbdd821a412dd9565d"},"potentialAction":[{"@type":"SearchAction","target":{"@type":"EntryPoint","urlTemplate":"https:\/\/www.marjawickman.com\/mustaovi\/?s={search_term_string}"},"query-input":{"@type":"PropertyValueSpecification","valueRequired":true,"valueName":"search_term_string"}}],"inLanguage":"fi"},{"@type":["Person","Organization"],"@id":"https:\/\/www.marjawickman.com\/mustaovi\/#\/schema\/person\/a3331fad26c2e4cbdd821a412dd9565d","name":"marja","image":{"@type":"ImageObject","inLanguage":"fi","@id":"https:\/\/www.marjawickman.com\/mustaovi\/#\/schema\/person\/image\/","url":"https:\/\/secure.gravatar.com\/avatar\/5eb2e8be43d452c382f583136174e55d?s=96&d=mm&r=g","contentUrl":"https:\/\/secure.gravatar.com\/avatar\/5eb2e8be43d452c382f583136174e55d?s=96&d=mm&r=g","caption":"marja"},"logo":{"@id":"https:\/\/www.marjawickman.com\/mustaovi\/#\/schema\/person\/image\/"},"description":"My name is Maja and this is my blog Musta ovi. The blog is all about a house building, scandinavian design and a loft style. I'll share things and thoughts I like and get inspired.","url":"https:\/\/www.marjawickman.com\/mustaovi\/author\/admin"}]}},"_links":{"self":[{"href":"https:\/\/www.marjawickman.com\/mustaovi\/wp-json\/wp\/v2\/posts\/457","targetHints":{"allow":["GET"]}}],"collection":[{"href":"https:\/\/www.marjawickman.com\/mustaovi\/wp-json\/wp\/v2\/posts"}],"about":[{"href":"https:\/\/www.marjawickman.com\/mustaovi\/wp-json\/wp\/v2\/types\/post"}],"author":[{"embeddable":true,"href":"https:\/\/www.marjawickman.com\/mustaovi\/wp-json\/wp\/v2\/users\/1"}],"replies":[{"embeddable":true,"href":"https:\/\/www.marjawickman.com\/mustaovi\/wp-json\/wp\/v2\/comments?post=457"}],"version-history":[{"count":8,"href":"https:\/\/www.marjawickman.com\/mustaovi\/wp-json\/wp\/v2\/posts\/457\/revisions"}],"predecessor-version":[{"id":4838,"href":"https:\/\/www.marjawickman.com\/mustaovi\/wp-json\/wp\/v2\/posts\/457\/revisions\/4838"}],"wp:attachment":[{"href":"https:\/\/www.marjawickman.com\/mustaovi\/wp-json\/wp\/v2\/media?parent=457"}],"wp:term":[{"taxonomy":"category","embeddable":true,"href":"https:\/\/www.marjawickman.com\/mustaovi\/wp-json\/wp\/v2\/categories?post=457"},{"taxonomy":"post_tag","embeddable":true,"href":"https:\/\/www.marjawickman.com\/mustaovi\/wp-json\/wp\/v2\/tags?post=457"}],"curies":[{"name":"wp","href":"https:\/\/api.w.org\/{rel}","templated":true}]}}