{"id":468,"date":"2017-08-10T17:00:00","date_gmt":"2017-08-10T15:00:00","guid":{"rendered":"https:\/\/www.marjawickman.com\/mustaovi\/2017\/08\/diy-terassikalusteet-part-3\/"},"modified":"2019-12-08T19:17:39","modified_gmt":"2019-12-08T17:17:39","slug":"diy-terassikalusteet-part-3","status":"publish","type":"post","link":"https:\/\/www.marjawickman.com\/mustaovi\/2017\/08\/diy-terassikalusteet-part-3.html","title":{"rendered":"DIY-TERASSIKALUSTEET |\u00a0PART 3"},"content":{"rendered":"<div class=\"separator\" style=\"clear: both; text-align: center;\">\n<a href=\"https:\/\/www.marjawickman.com\/mustaovi\/wp-content\/uploads\/2017\/08\/Copyrights_Mustaovi_k12-1-1440x959.jpg\" imageanchor=\"1\" style=\"clear: left; float: left; margin-bottom: 1em; margin-right: 1em;\"><img decoding=\"async\" border=\"0\" data-original-height=\"1067\" data-original-width=\"1600\" src=\"https:\/\/www.marjawickman.com\/mustaovi\/wp-content\/uploads\/2017\/08\/Copyrights_Mustaovi_k12-1-1440x959.jpg\" \/><\/a><\/div>\n<div class=\"separator\" style=\"clear: both; text-align: center;\">\n<a href=\"https:\/\/www.marjawickman.com\/mustaovi\/wp-content\/uploads\/2017\/08\/Copyrights_Mustaovi_k13-1.jpg\" imageanchor=\"1\" style=\"clear: left; float: left; margin-bottom: 1em; margin-right: 1em;\"><img decoding=\"async\" border=\"0\" data-original-height=\"1600\" data-original-width=\"974\" src=\"https:\/\/www.marjawickman.com\/mustaovi\/wp-content\/uploads\/2017\/08\/Copyrights_Mustaovi_k13-1.jpg\" \/><\/a><\/div>\n<div class=\"separator\" style=\"clear: both; text-align: center;\">\n<a href=\"https:\/\/www.marjawickman.com\/mustaovi\/wp-content\/uploads\/2017\/08\/Copyrights_Mustaovi_k09-1-1440x959.jpg\" imageanchor=\"1\" style=\"clear: left; float: left; margin-bottom: 1em; margin-right: 1em;\"><img decoding=\"async\" border=\"0\" data-original-height=\"1067\" data-original-width=\"1600\" src=\"https:\/\/www.marjawickman.com\/mustaovi\/wp-content\/uploads\/2017\/08\/Copyrights_Mustaovi_k09-1-1440x959.jpg\" \/><\/a><\/div>\n<div class=\"separator\" style=\"clear: both; text-align: center;\">\n<a href=\"https:\/\/www.marjawickman.com\/mustaovi\/wp-content\/uploads\/2017\/08\/Copyrights_Mustaovi_k11-1-1440x975.jpg\" imageanchor=\"1\" style=\"clear: left; float: left; margin-bottom: 1em; margin-right: 1em;\"><img decoding=\"async\" border=\"0\" data-original-height=\"1083\" data-original-width=\"1600\" src=\"https:\/\/www.marjawickman.com\/mustaovi\/wp-content\/uploads\/2017\/08\/Copyrights_Mustaovi_k11-1-1440x975.jpg\" \/><\/a><\/div>\n<div class=\"separator\" style=\"clear: both; text-align: center;\">\n<\/div>\n<div class=\"separator\" style=\"clear: both; text-align: center;\">\n<\/div>\n<div class=\"separator\" style=\"clear: both; text-align: center;\">\n<\/div>\n<div class=\"separator\" style=\"clear: both; text-align: center;\">\n<\/div>\n<div class=\"separator\" style=\"clear: both; text-align: center;\">\n<\/div>\n<div class=\"separator\" style=\"clear: both; text-align: center;\">\n<\/div>\n<p>Pohdiskelin yksi p\u00e4iv\u00e4 \u00e4\u00e4neen, ett\u00e4 terassin sohvan voisi maalata mustaksi. Sopisi sitten paremmin my\u00f6s noihin mustiin rimoituksiin. Ja maaliakin olisi viel\u00e4 sopivasti j\u00e4ljell\u00e4. T\u00e4st\u00e4 pohdinnasta ei kerennyt montaa p\u00e4iv\u00e4\u00e4 vier\u00e4ht\u00e4\u00e4, kun sohva oli yksi aurinkoinen aamup\u00e4iv\u00e4 vedetty keskelle terassia ja ensimm\u00e4inen maalikerros odotteli jo kuivumista. Itse join vasta nelj\u00e4tt\u00e4 kupillista kahvia ja siristelin aamur\u00e4hm\u00e4isi\u00e4 silmi\u00e4ni.<\/p>\n<p>Alun perin j\u00e4timme sohvan puuns\u00e4vyiseksi. <a href=\"https:\/\/marjawickman.com\/mustaovi\/2015\/05\/diy-daybed.html\" target=\"_blank\" rel=\"noopener noreferrer\"><b><i>S\u00e4vyn p\u00e4\u00e4tt\u00e4miseen<\/i><\/b><\/a> meni n\u00e4k\u00f6j\u00e4\u00e4n sitten kolmatta kes\u00e4\u00e4.<\/p>\n<p><i>&#8221;K\u00e4sittelimme toistaiseksi koko lotjan pariin otteeseen puukyll\u00e4steell\u00e4. My\u00f6hemmin arkku saattanee saada kylkiins\u00e4 jonkun s\u00e4vyn, mutta ennen kuin p\u00e4\u00e4sen itseni kanssa asiasta yksimielisyyteen menn\u00e4\u00e4n t\u00e4ll\u00e4.&#8221; <b><a href=\"https:\/\/marjawickman.com\/mustaovi\/2015\/05\/diy-daybed.html\" target=\"_blank\" rel=\"noopener noreferrer\">Diy-terassikalusteet, toukokuu 2015<\/a><\/b><\/i><\/p>\n<div>\n<i><br \/><\/i><\/div>\n<div>\n<i>Riippukeinu | <b><a href=\"https:\/\/www.parolanrottinki.fi\/\" target=\"_blank\" rel=\"noopener noreferrer\">Parolan Rottinki<\/a><\/b><\/i><\/div>\n<div>\n<i>Sohvan patja ja tyynyt | <b><a href=\"https:\/\/www.ikea.com\/fi\/fi\/\" target=\"_blank\" rel=\"noopener noreferrer\">Ikea<\/a><\/b><\/i><\/div>\n<div>\n<i>Sinnerlig-p\u00f6yt\u00e4 ja jakkarat | <b><a href=\"https:\/\/www.ikea.com\/fi\/fi\/\" target=\"_blank\" rel=\"noopener noreferrer\">Ikea<\/a><\/b><\/i><\/div>\n<div>\n<i>Ruukut \/ <b><a href=\"https:\/\/www.plantagen.fi\/\" target=\"_blank\" rel=\"noopener noreferrer\">Plantagen<\/a><\/b> ja <b><a href=\"https:\/\/www.granit.com\/fi\/?gclid=CjwKEAjwiLDMBRDF586Bwe2Sq3ISJAAjZol_0m1V0_qmIsP__zsByOg4ITogaVVj3og4regWCLdozxoCLtvw_wcB\" target=\"_blank\" rel=\"noopener noreferrer\">Granit<\/a><\/b><\/i><\/div>\n<div>\n<i>Kultainen kastelukannu \/ <b><a href=\"https:\/\/www2.hm.com\/fi_fi\/home.html?cm_mmc=adwords-_-fi-_-backup-_-hm%20home&amp;gclid=CjwKEAjwiLDMBRDF586Bwe2Sq3ISJAAjZol_ejtNEiF67cBujeL9UGDYiZF6La3WF3kLJpw858tAhhoCb-fw_wcB&amp;s_kwcid=AL!850!3!203370222715!e!!!!hm%20home&amp;ef_id=WLAUlQAAAD_NMsm-:20170810165902:s\" target=\"_blank\" rel=\"noopener noreferrer\">H&amp;M Home<\/a><\/b><\/i><\/div>\n<div>\n<i><br \/><\/i><\/div>\n","protected":false},"excerpt":{"rendered":"<p>Pohdiskelin yksi p\u00e4iv\u00e4 \u00e4\u00e4neen, ett\u00e4 terassin sohvan voisi maalata mustaksi. Sopisi sitten paremmin my\u00f6s noihin mustiin rimoituksiin. Ja maaliakin olisi viel\u00e4 sopivasti j\u00e4ljell\u00e4. T\u00e4st\u00e4 pohdinnasta ei kerennyt montaa p\u00e4iv\u00e4\u00e4 vier\u00e4ht\u00e4\u00e4, kun sohva oli yksi aurinkoinen&hellip;<\/p>\n","protected":false},"author":1,"featured_media":0,"comment_status":"open","ping_status":"closed","sticky":false,"template":"","format":"standard","meta":{"footnotes":""},"categories":[33,56,1],"tags":[],"class_list":["post-468","post","type-post","status-publish","format-standard","hentry","category-diy","category-piha","category-koti"],"yoast_head":"<!-- This site is optimized with the Yoast SEO plugin v24.7 - https:\/\/yoast.com\/wordpress\/plugins\/seo\/ -->\n<title>DIY-TERASSIKALUSTEET |\u00a0PART 3 : MUSTAOVI - Vuoden 2016 ja 2017 sisustusblogi<\/title>\n<meta name=\"robots\" content=\"index, follow, max-snippet:-1, max-image-preview:large, max-video-preview:-1\" \/>\n<link rel=\"canonical\" href=\"https:\/\/www.marjawickman.com\/mustaovi\/2017\/08\/diy-terassikalusteet-part-3.html\" \/>\n<meta property=\"og:locale\" content=\"fi_FI\" \/>\n<meta property=\"og:type\" content=\"article\" \/>\n<meta property=\"og:title\" content=\"DIY-TERASSIKALUSTEET |\u00a0PART 3 : MUSTAOVI - Vuoden 2016 ja 2017 sisustusblogi\" \/>\n<meta property=\"og:description\" content=\"Pohdiskelin yksi p\u00e4iv\u00e4 \u00e4\u00e4neen, ett\u00e4 terassin sohvan voisi maalata mustaksi. Sopisi sitten paremmin my\u00f6s noihin mustiin rimoituksiin. Ja maaliakin olisi viel\u00e4 sopivasti j\u00e4ljell\u00e4. T\u00e4st\u00e4 pohdinnasta ei kerennyt montaa p\u00e4iv\u00e4\u00e4 vier\u00e4ht\u00e4\u00e4, kun sohva oli yksi aurinkoinen&hellip;\" \/>\n<meta property=\"og:url\" content=\"https:\/\/www.marjawickman.com\/mustaovi\/2017\/08\/diy-terassikalusteet-part-3.html\" \/>\n<meta property=\"og:site_name\" content=\"MUSTAOVI - Vuoden 2016 ja 2017 sisustusblogi\" \/>\n<meta property=\"article:published_time\" content=\"2017-08-10T15:00:00+00:00\" \/>\n<meta property=\"article:modified_time\" content=\"2019-12-08T17:17:39+00:00\" \/>\n<meta property=\"og:image\" content=\"https:\/\/www.marjawickman.com\/mustaovi\/wp-content\/uploads\/2017\/08\/Copyrights_Mustaovi_k12-1-1440x959.jpg\" \/>\n<meta name=\"author\" content=\"marja\" \/>\n<meta name=\"twitter:card\" content=\"summary_large_image\" \/>\n<meta name=\"twitter:label1\" content=\"Kirjoittanut\" \/>\n\t<meta name=\"twitter:data1\" content=\"marja\" \/>\n\t<meta name=\"twitter:label2\" content=\"Arvioitu lukuaika\" \/>\n\t<meta name=\"twitter:data2\" content=\"1 minuutti\" \/>\n<script type=\"application\/ld+json\" class=\"yoast-schema-graph\">{\"@context\":\"https:\/\/schema.org\",\"@graph\":[{\"@type\":\"Article\",\"@id\":\"https:\/\/www.marjawickman.com\/mustaovi\/2017\/08\/diy-terassikalusteet-part-3.html#article\",\"isPartOf\":{\"@id\":\"https:\/\/www.marjawickman.com\/mustaovi\/2017\/08\/diy-terassikalusteet-part-3.html\"},\"author\":{\"name\":\"marja\",\"@id\":\"https:\/\/www.marjawickman.com\/mustaovi\/#\/schema\/person\/a3331fad26c2e4cbdd821a412dd9565d\"},\"headline\":\"DIY-TERASSIKALUSTEET |\u00a0PART 3\",\"datePublished\":\"2017-08-10T15:00:00+00:00\",\"dateModified\":\"2019-12-08T17:17:39+00:00\",\"mainEntityOfPage\":{\"@id\":\"https:\/\/www.marjawickman.com\/mustaovi\/2017\/08\/diy-terassikalusteet-part-3.html\"},\"wordCount\":145,\"commentCount\":2,\"publisher\":{\"@id\":\"https:\/\/www.marjawickman.com\/mustaovi\/#\/schema\/person\/a3331fad26c2e4cbdd821a412dd9565d\"},\"image\":{\"@id\":\"https:\/\/www.marjawickman.com\/mustaovi\/2017\/08\/diy-terassikalusteet-part-3.html#primaryimage\"},\"thumbnailUrl\":\"https:\/\/www.marjawickman.com\/mustaovi\/wp-content\/uploads\/2017\/08\/Copyrights_Mustaovi_k12-1-1440x959.jpg\",\"articleSection\":[\"DIY\",\"piha\",\"SISUSTUS\"],\"inLanguage\":\"fi\",\"potentialAction\":[{\"@type\":\"CommentAction\",\"name\":\"Comment\",\"target\":[\"https:\/\/www.marjawickman.com\/mustaovi\/2017\/08\/diy-terassikalusteet-part-3.html#respond\"]}]},{\"@type\":\"WebPage\",\"@id\":\"https:\/\/www.marjawickman.com\/mustaovi\/2017\/08\/diy-terassikalusteet-part-3.html\",\"url\":\"https:\/\/www.marjawickman.com\/mustaovi\/2017\/08\/diy-terassikalusteet-part-3.html\",\"name\":\"DIY-TERASSIKALUSTEET |\u00a0PART 3 : MUSTAOVI - Vuoden 2016 ja 2017 sisustusblogi\",\"isPartOf\":{\"@id\":\"https:\/\/www.marjawickman.com\/mustaovi\/#website\"},\"primaryImageOfPage\":{\"@id\":\"https:\/\/www.marjawickman.com\/mustaovi\/2017\/08\/diy-terassikalusteet-part-3.html#primaryimage\"},\"image\":{\"@id\":\"https:\/\/www.marjawickman.com\/mustaovi\/2017\/08\/diy-terassikalusteet-part-3.html#primaryimage\"},\"thumbnailUrl\":\"https:\/\/www.marjawickman.com\/mustaovi\/wp-content\/uploads\/2017\/08\/Copyrights_Mustaovi_k12-1-1440x959.jpg\",\"datePublished\":\"2017-08-10T15:00:00+00:00\",\"dateModified\":\"2019-12-08T17:17:39+00:00\",\"breadcrumb\":{\"@id\":\"https:\/\/www.marjawickman.com\/mustaovi\/2017\/08\/diy-terassikalusteet-part-3.html#breadcrumb\"},\"inLanguage\":\"fi\",\"potentialAction\":[{\"@type\":\"ReadAction\",\"target\":[\"https:\/\/www.marjawickman.com\/mustaovi\/2017\/08\/diy-terassikalusteet-part-3.html\"]}]},{\"@type\":\"ImageObject\",\"inLanguage\":\"fi\",\"@id\":\"https:\/\/www.marjawickman.com\/mustaovi\/2017\/08\/diy-terassikalusteet-part-3.html#primaryimage\",\"url\":\"https:\/\/www.marjawickman.com\/mustaovi\/wp-content\/uploads\/2017\/08\/Copyrights_Mustaovi_k12-1-1440x959.jpg\",\"contentUrl\":\"https:\/\/www.marjawickman.com\/mustaovi\/wp-content\/uploads\/2017\/08\/Copyrights_Mustaovi_k12-1-1440x959.jpg\"},{\"@type\":\"BreadcrumbList\",\"@id\":\"https:\/\/www.marjawickman.com\/mustaovi\/2017\/08\/diy-terassikalusteet-part-3.html#breadcrumb\",\"itemListElement\":[{\"@type\":\"ListItem\",\"position\":1,\"name\":\"Home\",\"item\":\"https:\/\/www.marjawickman.com\/mustaovi\"},{\"@type\":\"ListItem\",\"position\":2,\"name\":\"DIY-TERASSIKALUSTEET |\u00a0PART 3\"}]},{\"@type\":\"WebSite\",\"@id\":\"https:\/\/www.marjawickman.com\/mustaovi\/#website\",\"url\":\"https:\/\/www.marjawickman.com\/mustaovi\/\",\"name\":\"MUSTAOVI - Vuoden 2016 ja 2017 sisustusblogi\",\"description\":\"\",\"publisher\":{\"@id\":\"https:\/\/www.marjawickman.com\/mustaovi\/#\/schema\/person\/a3331fad26c2e4cbdd821a412dd9565d\"},\"potentialAction\":[{\"@type\":\"SearchAction\",\"target\":{\"@type\":\"EntryPoint\",\"urlTemplate\":\"https:\/\/www.marjawickman.com\/mustaovi\/?s={search_term_string}\"},\"query-input\":{\"@type\":\"PropertyValueSpecification\",\"valueRequired\":true,\"valueName\":\"search_term_string\"}}],\"inLanguage\":\"fi\"},{\"@type\":[\"Person\",\"Organization\"],\"@id\":\"https:\/\/www.marjawickman.com\/mustaovi\/#\/schema\/person\/a3331fad26c2e4cbdd821a412dd9565d\",\"name\":\"marja\",\"image\":{\"@type\":\"ImageObject\",\"inLanguage\":\"fi\",\"@id\":\"https:\/\/www.marjawickman.com\/mustaovi\/#\/schema\/person\/image\/\",\"url\":\"https:\/\/secure.gravatar.com\/avatar\/5eb2e8be43d452c382f583136174e55d?s=96&d=mm&r=g\",\"contentUrl\":\"https:\/\/secure.gravatar.com\/avatar\/5eb2e8be43d452c382f583136174e55d?s=96&d=mm&r=g\",\"caption\":\"marja\"},\"logo\":{\"@id\":\"https:\/\/www.marjawickman.com\/mustaovi\/#\/schema\/person\/image\/\"},\"description\":\"My name is Maja and this is my blog Musta ovi. The blog is all about a house building, scandinavian design and a loft style. I'll share things and thoughts I like and get inspired.\",\"url\":\"https:\/\/www.marjawickman.com\/mustaovi\/author\/admin\"}]}<\/script>\n<!-- \/ Yoast SEO plugin. -->","yoast_head_json":{"title":"DIY-TERASSIKALUSTEET |\u00a0PART 3 : MUSTAOVI - Vuoden 2016 ja 2017 sisustusblogi","robots":{"index":"index","follow":"follow","max-snippet":"max-snippet:-1","max-image-preview":"max-image-preview:large","max-video-preview":"max-video-preview:-1"},"canonical":"https:\/\/www.marjawickman.com\/mustaovi\/2017\/08\/diy-terassikalusteet-part-3.html","og_locale":"fi_FI","og_type":"article","og_title":"DIY-TERASSIKALUSTEET |\u00a0PART 3 : MUSTAOVI - Vuoden 2016 ja 2017 sisustusblogi","og_description":"Pohdiskelin yksi p\u00e4iv\u00e4 \u00e4\u00e4neen, ett\u00e4 terassin sohvan voisi maalata mustaksi. Sopisi sitten paremmin my\u00f6s noihin mustiin rimoituksiin. Ja maaliakin olisi viel\u00e4 sopivasti j\u00e4ljell\u00e4. T\u00e4st\u00e4 pohdinnasta ei kerennyt montaa p\u00e4iv\u00e4\u00e4 vier\u00e4ht\u00e4\u00e4, kun sohva oli yksi aurinkoinen&hellip;","og_url":"https:\/\/www.marjawickman.com\/mustaovi\/2017\/08\/diy-terassikalusteet-part-3.html","og_site_name":"MUSTAOVI - Vuoden 2016 ja 2017 sisustusblogi","article_published_time":"2017-08-10T15:00:00+00:00","article_modified_time":"2019-12-08T17:17:39+00:00","og_image":[{"url":"https:\/\/www.marjawickman.com\/mustaovi\/wp-content\/uploads\/2017\/08\/Copyrights_Mustaovi_k12-1-1440x959.jpg","type":"","width":"","height":""}],"author":"marja","twitter_card":"summary_large_image","twitter_misc":{"Kirjoittanut":"marja","Arvioitu lukuaika":"1 minuutti"},"schema":{"@context":"https:\/\/schema.org","@graph":[{"@type":"Article","@id":"https:\/\/www.marjawickman.com\/mustaovi\/2017\/08\/diy-terassikalusteet-part-3.html#article","isPartOf":{"@id":"https:\/\/www.marjawickman.com\/mustaovi\/2017\/08\/diy-terassikalusteet-part-3.html"},"author":{"name":"marja","@id":"https:\/\/www.marjawickman.com\/mustaovi\/#\/schema\/person\/a3331fad26c2e4cbdd821a412dd9565d"},"headline":"DIY-TERASSIKALUSTEET |\u00a0PART 3","datePublished":"2017-08-10T15:00:00+00:00","dateModified":"2019-12-08T17:17:39+00:00","mainEntityOfPage":{"@id":"https:\/\/www.marjawickman.com\/mustaovi\/2017\/08\/diy-terassikalusteet-part-3.html"},"wordCount":145,"commentCount":2,"publisher":{"@id":"https:\/\/www.marjawickman.com\/mustaovi\/#\/schema\/person\/a3331fad26c2e4cbdd821a412dd9565d"},"image":{"@id":"https:\/\/www.marjawickman.com\/mustaovi\/2017\/08\/diy-terassikalusteet-part-3.html#primaryimage"},"thumbnailUrl":"https:\/\/www.marjawickman.com\/mustaovi\/wp-content\/uploads\/2017\/08\/Copyrights_Mustaovi_k12-1-1440x959.jpg","articleSection":["DIY","piha","SISUSTUS"],"inLanguage":"fi","potentialAction":[{"@type":"CommentAction","name":"Comment","target":["https:\/\/www.marjawickman.com\/mustaovi\/2017\/08\/diy-terassikalusteet-part-3.html#respond"]}]},{"@type":"WebPage","@id":"https:\/\/www.marjawickman.com\/mustaovi\/2017\/08\/diy-terassikalusteet-part-3.html","url":"https:\/\/www.marjawickman.com\/mustaovi\/2017\/08\/diy-terassikalusteet-part-3.html","name":"DIY-TERASSIKALUSTEET |\u00a0PART 3 : MUSTAOVI - Vuoden 2016 ja 2017 sisustusblogi","isPartOf":{"@id":"https:\/\/www.marjawickman.com\/mustaovi\/#website"},"primaryImageOfPage":{"@id":"https:\/\/www.marjawickman.com\/mustaovi\/2017\/08\/diy-terassikalusteet-part-3.html#primaryimage"},"image":{"@id":"https:\/\/www.marjawickman.com\/mustaovi\/2017\/08\/diy-terassikalusteet-part-3.html#primaryimage"},"thumbnailUrl":"https:\/\/www.marjawickman.com\/mustaovi\/wp-content\/uploads\/2017\/08\/Copyrights_Mustaovi_k12-1-1440x959.jpg","datePublished":"2017-08-10T15:00:00+00:00","dateModified":"2019-12-08T17:17:39+00:00","breadcrumb":{"@id":"https:\/\/www.marjawickman.com\/mustaovi\/2017\/08\/diy-terassikalusteet-part-3.html#breadcrumb"},"inLanguage":"fi","potentialAction":[{"@type":"ReadAction","target":["https:\/\/www.marjawickman.com\/mustaovi\/2017\/08\/diy-terassikalusteet-part-3.html"]}]},{"@type":"ImageObject","inLanguage":"fi","@id":"https:\/\/www.marjawickman.com\/mustaovi\/2017\/08\/diy-terassikalusteet-part-3.html#primaryimage","url":"https:\/\/www.marjawickman.com\/mustaovi\/wp-content\/uploads\/2017\/08\/Copyrights_Mustaovi_k12-1-1440x959.jpg","contentUrl":"https:\/\/www.marjawickman.com\/mustaovi\/wp-content\/uploads\/2017\/08\/Copyrights_Mustaovi_k12-1-1440x959.jpg"},{"@type":"BreadcrumbList","@id":"https:\/\/www.marjawickman.com\/mustaovi\/2017\/08\/diy-terassikalusteet-part-3.html#breadcrumb","itemListElement":[{"@type":"ListItem","position":1,"name":"Home","item":"https:\/\/www.marjawickman.com\/mustaovi"},{"@type":"ListItem","position":2,"name":"DIY-TERASSIKALUSTEET |\u00a0PART 3"}]},{"@type":"WebSite","@id":"https:\/\/www.marjawickman.com\/mustaovi\/#website","url":"https:\/\/www.marjawickman.com\/mustaovi\/","name":"MUSTAOVI - Vuoden 2016 ja 2017 sisustusblogi","description":"","publisher":{"@id":"https:\/\/www.marjawickman.com\/mustaovi\/#\/schema\/person\/a3331fad26c2e4cbdd821a412dd9565d"},"potentialAction":[{"@type":"SearchAction","target":{"@type":"EntryPoint","urlTemplate":"https:\/\/www.marjawickman.com\/mustaovi\/?s={search_term_string}"},"query-input":{"@type":"PropertyValueSpecification","valueRequired":true,"valueName":"search_term_string"}}],"inLanguage":"fi"},{"@type":["Person","Organization"],"@id":"https:\/\/www.marjawickman.com\/mustaovi\/#\/schema\/person\/a3331fad26c2e4cbdd821a412dd9565d","name":"marja","image":{"@type":"ImageObject","inLanguage":"fi","@id":"https:\/\/www.marjawickman.com\/mustaovi\/#\/schema\/person\/image\/","url":"https:\/\/secure.gravatar.com\/avatar\/5eb2e8be43d452c382f583136174e55d?s=96&d=mm&r=g","contentUrl":"https:\/\/secure.gravatar.com\/avatar\/5eb2e8be43d452c382f583136174e55d?s=96&d=mm&r=g","caption":"marja"},"logo":{"@id":"https:\/\/www.marjawickman.com\/mustaovi\/#\/schema\/person\/image\/"},"description":"My name is Maja and this is my blog Musta ovi. The blog is all about a house building, scandinavian design and a loft style. I'll share things and thoughts I like and get inspired.","url":"https:\/\/www.marjawickman.com\/mustaovi\/author\/admin"}]}},"_links":{"self":[{"href":"https:\/\/www.marjawickman.com\/mustaovi\/wp-json\/wp\/v2\/posts\/468","targetHints":{"allow":["GET"]}}],"collection":[{"href":"https:\/\/www.marjawickman.com\/mustaovi\/wp-json\/wp\/v2\/posts"}],"about":[{"href":"https:\/\/www.marjawickman.com\/mustaovi\/wp-json\/wp\/v2\/types\/post"}],"author":[{"embeddable":true,"href":"https:\/\/www.marjawickman.com\/mustaovi\/wp-json\/wp\/v2\/users\/1"}],"replies":[{"embeddable":true,"href":"https:\/\/www.marjawickman.com\/mustaovi\/wp-json\/wp\/v2\/comments?post=468"}],"version-history":[{"count":1,"href":"https:\/\/www.marjawickman.com\/mustaovi\/wp-json\/wp\/v2\/posts\/468\/revisions"}],"predecessor-version":[{"id":2733,"href":"https:\/\/www.marjawickman.com\/mustaovi\/wp-json\/wp\/v2\/posts\/468\/revisions\/2733"}],"wp:attachment":[{"href":"https:\/\/www.marjawickman.com\/mustaovi\/wp-json\/wp\/v2\/media?parent=468"}],"wp:term":[{"taxonomy":"category","embeddable":true,"href":"https:\/\/www.marjawickman.com\/mustaovi\/wp-json\/wp\/v2\/categories?post=468"},{"taxonomy":"post_tag","embeddable":true,"href":"https:\/\/www.marjawickman.com\/mustaovi\/wp-json\/wp\/v2\/tags?post=468"}],"curies":[{"name":"wp","href":"https:\/\/api.w.org\/{rel}","templated":true}]}}