{"id":496,"date":"2017-03-05T18:17:00","date_gmt":"2017-03-05T15:17:00","guid":{"rendered":"https:\/\/www.marjawickman.com\/mustaovi\/2017\/03\/pieni-askel-ihmiskunnalle\/"},"modified":"2020-09-26T16:30:44","modified_gmt":"2020-09-26T13:30:44","slug":"pieni-askel-ihmiskunnalle","status":"publish","type":"post","link":"https:\/\/www.marjawickman.com\/mustaovi\/2017\/03\/pieni-askel-ihmiskunnalle.html","title":{"rendered":"PIENI ASKEL IHMISKUNNALLE.."},"content":{"rendered":"<div class=\"separator\" style=\"clear: both; text-align: center;\">\n<a href=\"https:\/\/www.marjawickman.com\/mustaovi\/wp-content\/uploads\/2017\/03\/Copyrights_Mustaovi_k01.jpg\" imageanchor=\"1\" style=\"clear: left; float: left; margin-bottom: 1em; margin-right: 1em;\"><img decoding=\"async\" border=\"0\" src=\"https:\/\/www.marjawickman.com\/mustaovi\/wp-content\/uploads\/2017\/03\/Copyrights_Mustaovi_k01.jpg\" \/><\/a><\/div>\n<p>Olemme jahkailleet ja p\u00e4hk\u00e4illeet ruokap\u00f6yd\u00e4n tuolien kanssa jo parin vuoden ajan. Kierr\u00e4tyskeskuksesta l\u00f6ydetyt pinnatuolit ja Ikean jakkarat tulivat mukaamme edellisest\u00e4 kodista ja ovat toimineet oikein mukavasti paremman puutteessa. T\u00e4ytyy kuitenkin my\u00f6nt\u00e4\u00e4, ett\u00e4 ne jakkarat eiv\u00e4t tuoleina ehk\u00e4 ole ne kaikista mukavimmat. Lis\u00e4ksi jakkarat ovat olleet sen verran kovassa k\u00e4yt\u00f6ss\u00e4, ett\u00e4 kiristelyist\u00e4 huolimatta ne rutisevat aika ik\u00e4v\u00e4sti. Pahin pelko olisi, jos jakkara levi\u00e4isi kuin bambi liukkaille j\u00e4ille jonkun pahaa aavistamattoman alta.<\/p>\n<p>Toiseen pinnatuoleista taas iski vuoden ik\u00e4inen termiitti, jota my\u00f6s koiraksi jotkut kutsuvat. Sen verran tuhoa tuo tihulainen on aiheuttanut, ett\u00e4 termiitti on ehdottomasti osuvampi. Yhdell\u00e4 pinnatuolilla ei edes aika askeettiseen ymp\u00e4rist\u00f6\u00f6n tottuneet p\u00e4rj\u00e4\u00e4 ja niinh\u00e4n siin\u00e4 k\u00e4y, kun lakkaa etsim\u00e4st\u00e4, etsim\u00e4si asia l\u00f6yt\u00e4\u00e4 sinut.<\/p>\n<p>Olen muutamaan otteeseen saanut pienimuotoisen hermoromahduksen yritt\u00e4ess\u00e4ni myyd\u00e4 jotain Facebook-kirpputorilla. Jos myyminen on haasteellista, sit\u00e4 on my\u00f6s ostaminen. Kaikkien niiden alustavien varauksien, kysymysten, hiljaisuuksien ja jonojen sekamelskaa on mielest\u00e4ni parempi v\u00e4ltell\u00e4 parhaansa mukaan. T\u00e4ll\u00e4 kertaa kuitenkin pinnatuolin kohtaloa surressani satuin huomaamaan er\u00e4\u00e4seen ryhm\u00e4\u00e4n tulleen ilmoituksen Normann Copenhagenin valkoisesta Knot-tuolista. Kaupat sovittiin silt\u00e4 istumalta ja jo seuraavana p\u00e4iv\u00e4n\u00e4 suhailin naapuripit\u00e4j\u00e4\u00e4n tuolia noutamaan. Aika kaunokainen!<\/p>\n<p>Tuolin mets\u00e4stysprojekti on siis harpannut aika j\u00e4ttil\u00e4isen loikan eteenp\u00e4in. Jottei en\u00e4\u00e4 tarvitsisi ottaa taka-askeleita, tuon tuolin yleisin sijoituspaikka on ruokap\u00f6yd\u00e4n p\u00e4\u00e4ll\u00e4. Termiitin hampaiden ulottumattomissa.<\/p>\n","protected":false},"excerpt":{"rendered":"<p>Olemme jahkailleet ja p\u00e4hk\u00e4illeet ruokap\u00f6yd\u00e4n tuolien kanssa jo parin vuoden ajan. Kierr\u00e4tyskeskuksesta l\u00f6ydetyt pinnatuolit ja Ikean jakkarat tulivat mukaamme edellisest\u00e4 kodista ja ovat toimineet oikein mukavasti paremman puutteessa. T\u00e4ytyy kuitenkin my\u00f6nt\u00e4\u00e4, ett\u00e4 ne jakkarat eiv\u00e4t&hellip;<\/p>\n","protected":false},"author":1,"featured_media":0,"comment_status":"open","ping_status":"closed","sticky":false,"template":"","format":"standard","meta":{"footnotes":""},"categories":[49,1],"tags":[],"class_list":["post-496","post","type-post","status-publish","format-standard","hentry","category-ruokailutila","category-koti"],"yoast_head":"<!-- This site is optimized with the Yoast SEO plugin v24.7 - https:\/\/yoast.com\/wordpress\/plugins\/seo\/ -->\n<title>PIENI ASKEL IHMISKUNNALLE.. : MUSTAOVI - Vuoden 2016 ja 2017 sisustusblogi<\/title>\n<meta name=\"robots\" content=\"index, follow, max-snippet:-1, max-image-preview:large, max-video-preview:-1\" \/>\n<link rel=\"canonical\" href=\"https:\/\/www.marjawickman.com\/mustaovi\/2017\/03\/pieni-askel-ihmiskunnalle.html\" \/>\n<meta property=\"og:locale\" content=\"fi_FI\" \/>\n<meta property=\"og:type\" content=\"article\" \/>\n<meta property=\"og:title\" content=\"PIENI ASKEL IHMISKUNNALLE.. : MUSTAOVI - Vuoden 2016 ja 2017 sisustusblogi\" \/>\n<meta property=\"og:description\" content=\"Olemme jahkailleet ja p\u00e4hk\u00e4illeet ruokap\u00f6yd\u00e4n tuolien kanssa jo parin vuoden ajan. Kierr\u00e4tyskeskuksesta l\u00f6ydetyt pinnatuolit ja Ikean jakkarat tulivat mukaamme edellisest\u00e4 kodista ja ovat toimineet oikein mukavasti paremman puutteessa. T\u00e4ytyy kuitenkin my\u00f6nt\u00e4\u00e4, ett\u00e4 ne jakkarat eiv\u00e4t&hellip;\" \/>\n<meta property=\"og:url\" content=\"https:\/\/www.marjawickman.com\/mustaovi\/2017\/03\/pieni-askel-ihmiskunnalle.html\" \/>\n<meta property=\"og:site_name\" content=\"MUSTAOVI - Vuoden 2016 ja 2017 sisustusblogi\" \/>\n<meta property=\"article:published_time\" content=\"2017-03-05T15:17:00+00:00\" \/>\n<meta property=\"article:modified_time\" content=\"2020-09-26T13:30:44+00:00\" \/>\n<meta property=\"og:image\" content=\"https:\/\/www.marjawickman.com\/mustaovi\/wp-content\/uploads\/2017\/03\/Copyrights_Mustaovi_k01.jpg\" \/>\n<meta name=\"author\" content=\"marja\" \/>\n<meta name=\"twitter:card\" content=\"summary_large_image\" \/>\n<meta name=\"twitter:label1\" content=\"Kirjoittanut\" \/>\n\t<meta name=\"twitter:data1\" content=\"marja\" \/>\n\t<meta name=\"twitter:label2\" content=\"Arvioitu lukuaika\" \/>\n\t<meta name=\"twitter:data2\" content=\"1 minuutti\" \/>\n<script type=\"application\/ld+json\" class=\"yoast-schema-graph\">{\"@context\":\"https:\/\/schema.org\",\"@graph\":[{\"@type\":\"Article\",\"@id\":\"https:\/\/www.marjawickman.com\/mustaovi\/2017\/03\/pieni-askel-ihmiskunnalle.html#article\",\"isPartOf\":{\"@id\":\"https:\/\/www.marjawickman.com\/mustaovi\/2017\/03\/pieni-askel-ihmiskunnalle.html\"},\"author\":{\"name\":\"marja\",\"@id\":\"https:\/\/www.marjawickman.com\/mustaovi\/#\/schema\/person\/a3331fad26c2e4cbdd821a412dd9565d\"},\"headline\":\"PIENI ASKEL IHMISKUNNALLE..\",\"datePublished\":\"2017-03-05T15:17:00+00:00\",\"dateModified\":\"2020-09-26T13:30:44+00:00\",\"mainEntityOfPage\":{\"@id\":\"https:\/\/www.marjawickman.com\/mustaovi\/2017\/03\/pieni-askel-ihmiskunnalle.html\"},\"wordCount\":249,\"commentCount\":7,\"publisher\":{\"@id\":\"https:\/\/www.marjawickman.com\/mustaovi\/#\/schema\/person\/a3331fad26c2e4cbdd821a412dd9565d\"},\"image\":{\"@id\":\"https:\/\/www.marjawickman.com\/mustaovi\/2017\/03\/pieni-askel-ihmiskunnalle.html#primaryimage\"},\"thumbnailUrl\":\"https:\/\/www.marjawickman.com\/mustaovi\/wp-content\/uploads\/2017\/03\/Copyrights_Mustaovi_k01.jpg\",\"articleSection\":[\"ruokailutila\",\"SISUSTUS\"],\"inLanguage\":\"fi\",\"potentialAction\":[{\"@type\":\"CommentAction\",\"name\":\"Comment\",\"target\":[\"https:\/\/www.marjawickman.com\/mustaovi\/2017\/03\/pieni-askel-ihmiskunnalle.html#respond\"]}]},{\"@type\":\"WebPage\",\"@id\":\"https:\/\/www.marjawickman.com\/mustaovi\/2017\/03\/pieni-askel-ihmiskunnalle.html\",\"url\":\"https:\/\/www.marjawickman.com\/mustaovi\/2017\/03\/pieni-askel-ihmiskunnalle.html\",\"name\":\"PIENI ASKEL IHMISKUNNALLE.. : MUSTAOVI - Vuoden 2016 ja 2017 sisustusblogi\",\"isPartOf\":{\"@id\":\"https:\/\/www.marjawickman.com\/mustaovi\/#website\"},\"primaryImageOfPage\":{\"@id\":\"https:\/\/www.marjawickman.com\/mustaovi\/2017\/03\/pieni-askel-ihmiskunnalle.html#primaryimage\"},\"image\":{\"@id\":\"https:\/\/www.marjawickman.com\/mustaovi\/2017\/03\/pieni-askel-ihmiskunnalle.html#primaryimage\"},\"thumbnailUrl\":\"https:\/\/www.marjawickman.com\/mustaovi\/wp-content\/uploads\/2017\/03\/Copyrights_Mustaovi_k01.jpg\",\"datePublished\":\"2017-03-05T15:17:00+00:00\",\"dateModified\":\"2020-09-26T13:30:44+00:00\",\"breadcrumb\":{\"@id\":\"https:\/\/www.marjawickman.com\/mustaovi\/2017\/03\/pieni-askel-ihmiskunnalle.html#breadcrumb\"},\"inLanguage\":\"fi\",\"potentialAction\":[{\"@type\":\"ReadAction\",\"target\":[\"https:\/\/www.marjawickman.com\/mustaovi\/2017\/03\/pieni-askel-ihmiskunnalle.html\"]}]},{\"@type\":\"ImageObject\",\"inLanguage\":\"fi\",\"@id\":\"https:\/\/www.marjawickman.com\/mustaovi\/2017\/03\/pieni-askel-ihmiskunnalle.html#primaryimage\",\"url\":\"https:\/\/www.marjawickman.com\/mustaovi\/wp-content\/uploads\/2017\/03\/Copyrights_Mustaovi_K01.jpg\",\"contentUrl\":\"https:\/\/www.marjawickman.com\/mustaovi\/wp-content\/uploads\/2017\/03\/Copyrights_Mustaovi_K01.jpg\",\"width\":1067,\"height\":1600},{\"@type\":\"BreadcrumbList\",\"@id\":\"https:\/\/www.marjawickman.com\/mustaovi\/2017\/03\/pieni-askel-ihmiskunnalle.html#breadcrumb\",\"itemListElement\":[{\"@type\":\"ListItem\",\"position\":1,\"name\":\"Home\",\"item\":\"https:\/\/www.marjawickman.com\/mustaovi\"},{\"@type\":\"ListItem\",\"position\":2,\"name\":\"PIENI ASKEL IHMISKUNNALLE..\"}]},{\"@type\":\"WebSite\",\"@id\":\"https:\/\/www.marjawickman.com\/mustaovi\/#website\",\"url\":\"https:\/\/www.marjawickman.com\/mustaovi\/\",\"name\":\"MUSTAOVI - Vuoden 2016 ja 2017 sisustusblogi\",\"description\":\"\",\"publisher\":{\"@id\":\"https:\/\/www.marjawickman.com\/mustaovi\/#\/schema\/person\/a3331fad26c2e4cbdd821a412dd9565d\"},\"potentialAction\":[{\"@type\":\"SearchAction\",\"target\":{\"@type\":\"EntryPoint\",\"urlTemplate\":\"https:\/\/www.marjawickman.com\/mustaovi\/?s={search_term_string}\"},\"query-input\":{\"@type\":\"PropertyValueSpecification\",\"valueRequired\":true,\"valueName\":\"search_term_string\"}}],\"inLanguage\":\"fi\"},{\"@type\":[\"Person\",\"Organization\"],\"@id\":\"https:\/\/www.marjawickman.com\/mustaovi\/#\/schema\/person\/a3331fad26c2e4cbdd821a412dd9565d\",\"name\":\"marja\",\"image\":{\"@type\":\"ImageObject\",\"inLanguage\":\"fi\",\"@id\":\"https:\/\/www.marjawickman.com\/mustaovi\/#\/schema\/person\/image\/\",\"url\":\"https:\/\/secure.gravatar.com\/avatar\/5eb2e8be43d452c382f583136174e55d?s=96&d=mm&r=g\",\"contentUrl\":\"https:\/\/secure.gravatar.com\/avatar\/5eb2e8be43d452c382f583136174e55d?s=96&d=mm&r=g\",\"caption\":\"marja\"},\"logo\":{\"@id\":\"https:\/\/www.marjawickman.com\/mustaovi\/#\/schema\/person\/image\/\"},\"description\":\"My name is Maja and this is my blog Musta ovi. The blog is all about a house building, scandinavian design and a loft style. I'll share things and thoughts I like and get inspired.\",\"url\":\"https:\/\/www.marjawickman.com\/mustaovi\/author\/admin\"}]}<\/script>\n<!-- \/ Yoast SEO plugin. -->","yoast_head_json":{"title":"PIENI ASKEL IHMISKUNNALLE.. : MUSTAOVI - Vuoden 2016 ja 2017 sisustusblogi","robots":{"index":"index","follow":"follow","max-snippet":"max-snippet:-1","max-image-preview":"max-image-preview:large","max-video-preview":"max-video-preview:-1"},"canonical":"https:\/\/www.marjawickman.com\/mustaovi\/2017\/03\/pieni-askel-ihmiskunnalle.html","og_locale":"fi_FI","og_type":"article","og_title":"PIENI ASKEL IHMISKUNNALLE.. : MUSTAOVI - Vuoden 2016 ja 2017 sisustusblogi","og_description":"Olemme jahkailleet ja p\u00e4hk\u00e4illeet ruokap\u00f6yd\u00e4n tuolien kanssa jo parin vuoden ajan. Kierr\u00e4tyskeskuksesta l\u00f6ydetyt pinnatuolit ja Ikean jakkarat tulivat mukaamme edellisest\u00e4 kodista ja ovat toimineet oikein mukavasti paremman puutteessa. T\u00e4ytyy kuitenkin my\u00f6nt\u00e4\u00e4, ett\u00e4 ne jakkarat eiv\u00e4t&hellip;","og_url":"https:\/\/www.marjawickman.com\/mustaovi\/2017\/03\/pieni-askel-ihmiskunnalle.html","og_site_name":"MUSTAOVI - Vuoden 2016 ja 2017 sisustusblogi","article_published_time":"2017-03-05T15:17:00+00:00","article_modified_time":"2020-09-26T13:30:44+00:00","og_image":[{"url":"https:\/\/www.marjawickman.com\/mustaovi\/wp-content\/uploads\/2017\/03\/Copyrights_Mustaovi_k01.jpg","type":"","width":"","height":""}],"author":"marja","twitter_card":"summary_large_image","twitter_misc":{"Kirjoittanut":"marja","Arvioitu lukuaika":"1 minuutti"},"schema":{"@context":"https:\/\/schema.org","@graph":[{"@type":"Article","@id":"https:\/\/www.marjawickman.com\/mustaovi\/2017\/03\/pieni-askel-ihmiskunnalle.html#article","isPartOf":{"@id":"https:\/\/www.marjawickman.com\/mustaovi\/2017\/03\/pieni-askel-ihmiskunnalle.html"},"author":{"name":"marja","@id":"https:\/\/www.marjawickman.com\/mustaovi\/#\/schema\/person\/a3331fad26c2e4cbdd821a412dd9565d"},"headline":"PIENI ASKEL IHMISKUNNALLE..","datePublished":"2017-03-05T15:17:00+00:00","dateModified":"2020-09-26T13:30:44+00:00","mainEntityOfPage":{"@id":"https:\/\/www.marjawickman.com\/mustaovi\/2017\/03\/pieni-askel-ihmiskunnalle.html"},"wordCount":249,"commentCount":7,"publisher":{"@id":"https:\/\/www.marjawickman.com\/mustaovi\/#\/schema\/person\/a3331fad26c2e4cbdd821a412dd9565d"},"image":{"@id":"https:\/\/www.marjawickman.com\/mustaovi\/2017\/03\/pieni-askel-ihmiskunnalle.html#primaryimage"},"thumbnailUrl":"https:\/\/www.marjawickman.com\/mustaovi\/wp-content\/uploads\/2017\/03\/Copyrights_Mustaovi_k01.jpg","articleSection":["ruokailutila","SISUSTUS"],"inLanguage":"fi","potentialAction":[{"@type":"CommentAction","name":"Comment","target":["https:\/\/www.marjawickman.com\/mustaovi\/2017\/03\/pieni-askel-ihmiskunnalle.html#respond"]}]},{"@type":"WebPage","@id":"https:\/\/www.marjawickman.com\/mustaovi\/2017\/03\/pieni-askel-ihmiskunnalle.html","url":"https:\/\/www.marjawickman.com\/mustaovi\/2017\/03\/pieni-askel-ihmiskunnalle.html","name":"PIENI ASKEL IHMISKUNNALLE.. : MUSTAOVI - Vuoden 2016 ja 2017 sisustusblogi","isPartOf":{"@id":"https:\/\/www.marjawickman.com\/mustaovi\/#website"},"primaryImageOfPage":{"@id":"https:\/\/www.marjawickman.com\/mustaovi\/2017\/03\/pieni-askel-ihmiskunnalle.html#primaryimage"},"image":{"@id":"https:\/\/www.marjawickman.com\/mustaovi\/2017\/03\/pieni-askel-ihmiskunnalle.html#primaryimage"},"thumbnailUrl":"https:\/\/www.marjawickman.com\/mustaovi\/wp-content\/uploads\/2017\/03\/Copyrights_Mustaovi_k01.jpg","datePublished":"2017-03-05T15:17:00+00:00","dateModified":"2020-09-26T13:30:44+00:00","breadcrumb":{"@id":"https:\/\/www.marjawickman.com\/mustaovi\/2017\/03\/pieni-askel-ihmiskunnalle.html#breadcrumb"},"inLanguage":"fi","potentialAction":[{"@type":"ReadAction","target":["https:\/\/www.marjawickman.com\/mustaovi\/2017\/03\/pieni-askel-ihmiskunnalle.html"]}]},{"@type":"ImageObject","inLanguage":"fi","@id":"https:\/\/www.marjawickman.com\/mustaovi\/2017\/03\/pieni-askel-ihmiskunnalle.html#primaryimage","url":"https:\/\/www.marjawickman.com\/mustaovi\/wp-content\/uploads\/2017\/03\/Copyrights_Mustaovi_K01.jpg","contentUrl":"https:\/\/www.marjawickman.com\/mustaovi\/wp-content\/uploads\/2017\/03\/Copyrights_Mustaovi_K01.jpg","width":1067,"height":1600},{"@type":"BreadcrumbList","@id":"https:\/\/www.marjawickman.com\/mustaovi\/2017\/03\/pieni-askel-ihmiskunnalle.html#breadcrumb","itemListElement":[{"@type":"ListItem","position":1,"name":"Home","item":"https:\/\/www.marjawickman.com\/mustaovi"},{"@type":"ListItem","position":2,"name":"PIENI ASKEL IHMISKUNNALLE.."}]},{"@type":"WebSite","@id":"https:\/\/www.marjawickman.com\/mustaovi\/#website","url":"https:\/\/www.marjawickman.com\/mustaovi\/","name":"MUSTAOVI - Vuoden 2016 ja 2017 sisustusblogi","description":"","publisher":{"@id":"https:\/\/www.marjawickman.com\/mustaovi\/#\/schema\/person\/a3331fad26c2e4cbdd821a412dd9565d"},"potentialAction":[{"@type":"SearchAction","target":{"@type":"EntryPoint","urlTemplate":"https:\/\/www.marjawickman.com\/mustaovi\/?s={search_term_string}"},"query-input":{"@type":"PropertyValueSpecification","valueRequired":true,"valueName":"search_term_string"}}],"inLanguage":"fi"},{"@type":["Person","Organization"],"@id":"https:\/\/www.marjawickman.com\/mustaovi\/#\/schema\/person\/a3331fad26c2e4cbdd821a412dd9565d","name":"marja","image":{"@type":"ImageObject","inLanguage":"fi","@id":"https:\/\/www.marjawickman.com\/mustaovi\/#\/schema\/person\/image\/","url":"https:\/\/secure.gravatar.com\/avatar\/5eb2e8be43d452c382f583136174e55d?s=96&d=mm&r=g","contentUrl":"https:\/\/secure.gravatar.com\/avatar\/5eb2e8be43d452c382f583136174e55d?s=96&d=mm&r=g","caption":"marja"},"logo":{"@id":"https:\/\/www.marjawickman.com\/mustaovi\/#\/schema\/person\/image\/"},"description":"My name is Maja and this is my blog Musta ovi. The blog is all about a house building, scandinavian design and a loft style. I'll share things and thoughts I like and get inspired.","url":"https:\/\/www.marjawickman.com\/mustaovi\/author\/admin"}]}},"_links":{"self":[{"href":"https:\/\/www.marjawickman.com\/mustaovi\/wp-json\/wp\/v2\/posts\/496","targetHints":{"allow":["GET"]}}],"collection":[{"href":"https:\/\/www.marjawickman.com\/mustaovi\/wp-json\/wp\/v2\/posts"}],"about":[{"href":"https:\/\/www.marjawickman.com\/mustaovi\/wp-json\/wp\/v2\/types\/post"}],"author":[{"embeddable":true,"href":"https:\/\/www.marjawickman.com\/mustaovi\/wp-json\/wp\/v2\/users\/1"}],"replies":[{"embeddable":true,"href":"https:\/\/www.marjawickman.com\/mustaovi\/wp-json\/wp\/v2\/comments?post=496"}],"version-history":[{"count":1,"href":"https:\/\/www.marjawickman.com\/mustaovi\/wp-json\/wp\/v2\/posts\/496\/revisions"}],"predecessor-version":[{"id":2569,"href":"https:\/\/www.marjawickman.com\/mustaovi\/wp-json\/wp\/v2\/posts\/496\/revisions\/2569"}],"wp:attachment":[{"href":"https:\/\/www.marjawickman.com\/mustaovi\/wp-json\/wp\/v2\/media?parent=496"}],"wp:term":[{"taxonomy":"category","embeddable":true,"href":"https:\/\/www.marjawickman.com\/mustaovi\/wp-json\/wp\/v2\/categories?post=496"},{"taxonomy":"post_tag","embeddable":true,"href":"https:\/\/www.marjawickman.com\/mustaovi\/wp-json\/wp\/v2\/tags?post=496"}],"curies":[{"name":"wp","href":"https:\/\/api.w.org\/{rel}","templated":true}]}}