{"id":503,"date":"2017-02-07T18:52:00","date_gmt":"2017-02-07T15:52:00","guid":{"rendered":"https:\/\/www.marjawickman.com\/mustaovi\/2017\/02\/vinkit-ruokapoydan-valintaan\/"},"modified":"2020-09-26T16:31:41","modified_gmt":"2020-09-26T13:31:41","slug":"vinkit-ruokapoydan-valintaan","status":"publish","type":"post","link":"https:\/\/www.marjawickman.com\/mustaovi\/2017\/02\/vinkit-ruokapoydan-valintaan.html","title":{"rendered":"VINKIT RUOKAP\u00d6YD\u00c4N VALINTAAN"},"content":{"rendered":"<div class=\"separator\" style=\"clear: both; text-align: center;\">\n<\/div>\n<div class=\"separator\" style=\"clear: both; text-align: center;\">\n<\/div>\n<div class=\"separator\" style=\"clear: both; text-align: center;\">\n<\/div>\n<div class=\"separator\" style=\"clear: both; text-align: center;\">\n<\/div>\n<div class=\"separator\" style=\"clear: both; text-align: center;\">\n<a href=\"https:\/\/www.marjawickman.com\/mustaovi\/wp-content\/uploads\/2017\/02\/Copyrights_Mustaovi_6-1440x959.jpg\" imageanchor=\"1\" style=\"clear: left; float: left; margin-bottom: 1em; margin-right: 1em;\"><img decoding=\"async\" border=\"0\" src=\"https:\/\/www.marjawickman.com\/mustaovi\/wp-content\/uploads\/2017\/02\/Copyrights_Mustaovi_6-1440x959.jpg\" \/><\/a><\/div>\n<div class=\"separator\" style=\"clear: both; text-align: center;\">\n<a href=\"https:\/\/www.marjawickman.com\/mustaovi\/wp-content\/uploads\/2017\/02\/Copyrights_Mustaovi_8.jpg\" imageanchor=\"1\" style=\"clear: left; float: left; margin-bottom: 1em; margin-right: 1em;\"><img decoding=\"async\" border=\"0\" src=\"https:\/\/www.marjawickman.com\/mustaovi\/wp-content\/uploads\/2017\/02\/Copyrights_Mustaovi_8.jpg\" \/><\/a><\/div>\n<p>Puuta, lasia vai jotain ihan muuta? Sopisiko tilaan parhaiten py\u00f6re\u00e4 p\u00f6yt\u00e4 vai olisiko suorakaide sittenkin parempi vaihtoehto. Kuinka monta henkil\u00f6\u00e4 p\u00f6yd\u00e4n \u00e4\u00e4reen pit\u00e4\u00e4k\u00e4\u00e4n mahtua yht\u00e4 aikaa sy\u00f6m\u00e4\u00e4n? P\u00f6yd\u00e4njalat voivat vaikuttaa yll\u00e4tt\u00e4v\u00e4n paljon siihen, kuinka monta jalkaparia p\u00f6yd\u00e4n alle todellisuudessa mahtuu. Toki k\u00e4ytett\u00e4viss\u00e4 oleva tila asettaa omat rajoituksensa ruokailijoiden m\u00e4\u00e4r\u00e4lle ja sit\u00e4 my\u00f6t\u00e4 my\u00f6s p\u00f6yd\u00e4n koolle.<\/p>\n<p>Nyrkkis\u00e4\u00e4nt\u00f6n\u00e4 voitanee sanoa, ett\u00e4 yksi ruokailija tarvitsee noin 60 senttimetri\u00e4 p\u00f6yd\u00e4st\u00e4. T\u00e4ll\u00f6in esimerkiksi kuuden hengen p\u00f6yt\u00e4, jonka \u00e4\u00e4ress\u00e4 istuu kolme ruokailijaa vastakkain, tarvitsee yli kolme metrisen tilan. P\u00f6yd\u00e4n taakse ja kaikkiin kulkusuuntiin pit\u00e4isi j\u00e4tt\u00e4\u00e4 tilaa noin 110 sentti\u00e4. Monissa kodeissa ruokap\u00f6yt\u00e4 on tilaan n\u00e4hden liian suuri. Jos tila on niin ahdas, ettei p\u00f6yd\u00e4n takaa mahdu kunnolla kulkemaan silloin kun p\u00f6yd\u00e4n \u00e4\u00e4ress\u00e4 istutaan, voi normaalia kapeampi p\u00f6yt\u00e4 olla oiva vaihtoehto. T\u00e4ll\u00f6in tosin joudutaan turvautumaan useimmiten itsetehtyyn tai teetettyyn p\u00f6yt\u00e4levyyn.<\/p>\n<p>Suorakaiteen muotoinen p\u00f6yt\u00e4 on helppo sijoittaa useimpiin tiloihin. P\u00f6yt\u00e4 voi olla sein\u00e4ss\u00e4 kiinni tai ilmavasti huoneen keskell\u00e4. Py\u00f6re\u00e4 p\u00f6yt\u00e4 sopii kauniisti niin sanottuihin ep\u00e4m\u00e4\u00e4r\u00e4isiin tiloihin. My\u00f6s todella pieneen tilaan voi sijoittaa n\u00e4pp\u00e4r\u00e4sti v\u00e4h\u00e4n tilaa viev\u00e4n trumpettijalkaisen py\u00f6re\u00e4n p\u00f6yd\u00e4n.<\/p>\n<p>Meille py\u00f6re\u00e4 p\u00f6yt\u00e4 tuli v\u00e4h\u00e4n vahingossa. Olimme suunnitelleet ruokailutilaan pitk\u00e4\u00e4 kahdeksan hengen p\u00f6yt\u00e4\u00e4, mutta valitsemamme p\u00f6yd\u00e4n valmistus oli ehditty lopettaa, ennen kuin saimme talomme valmiiksi. Samalta valmistajalta l\u00f6ytyi sitten vahingossa jotain aivan p\u00e4invastaista kuin alkuper\u00e4isen suunnitelman mukainen musta, pitk\u00e4 ja kapea metallip\u00f6yt\u00e4. Ja ehk\u00e4 juuri niin oli tarkoituskin. Tuo valkoinen, halkaisijaltaan 128 senttinen p\u00f6yt\u00e4 sopii todella kauniisti kaikkien jyrkkien ja kulmikkaiden muotojen keskelle. P\u00f6yd\u00e4n ymp\u00e4ri p\u00e4\u00e4see kulkemaan helposti mist\u00e4 suunnasta tahansa ja ison p\u00f6yd\u00e4n \u00e4\u00e4reen mahtuu kevyesti kuusi henke\u00e4 joskaan kahdeksankaan ei tee liian tiukkaa.<\/p>\n<p>Pienen\u00e4 miinuspuolena sanottakoon, ett\u00e4 laminoitu pinta ei ole se kaikista kest\u00e4vin. T\u00e4ss\u00e4 suhteessa kokopuiset p\u00f6yt\u00e4levyt hakkaavat melamiini- ja laminaattipinnat mennen tullen. Toki taas pinnat on helpompi pit\u00e4\u00e4 puhtaana.<\/p>\n<p><i>Teema-kaadin | <b><a href=\"https:\/\/store.iittala.fi\/Kattaminen\/Teema-Teekannu-1-l-valkoinen\/p\/A018495\">Iittala<\/a>*<\/b><br \/>Teema Teekannu | <b><a href=\"https:\/\/store.iittala.fi\/Kattaminen\/Teema-Teekannu-1-l-valkoinen\/p\/A018495\">Iittala<\/a>*<\/b><br \/>Nappula-kynttil\u00e4njalka | <a href=\"https:\/\/store.iittala.fi\/Brandit\/Iittala\/Nappula-Kynttilanjalka-183-mm-valkoinen\/p\/T111146\"><b>Iittala*<\/b><\/a><br \/>Teema -muki | <b><a href=\"https:\/\/store.iittala.fi\/Muotoilijat\/Kaj-Franck\/Teema-Muki-03-l-valkoinen\/p\/A007255\">Iittala<\/a><\/b><\/i><\/p>\n<div>\n<i><br \/><\/i><\/div>\n<p><i>*tuotteet on saatu osana vuosiyhteisty\u00f6t\u00e4<\/i><\/p>\n","protected":false},"excerpt":{"rendered":"<p>Puuta, lasia vai jotain ihan muuta? Sopisiko tilaan parhaiten py\u00f6re\u00e4 p\u00f6yt\u00e4 vai olisiko suorakaide sittenkin parempi vaihtoehto. Kuinka monta henkil\u00f6\u00e4 p\u00f6yd\u00e4n \u00e4\u00e4reen pit\u00e4\u00e4k\u00e4\u00e4n mahtua yht\u00e4 aikaa sy\u00f6m\u00e4\u00e4n? P\u00f6yd\u00e4njalat voivat vaikuttaa yll\u00e4tt\u00e4v\u00e4n paljon siihen, kuinka monta&hellip;<\/p>\n","protected":false},"author":1,"featured_media":0,"comment_status":"open","ping_status":"closed","sticky":false,"template":"","format":"standard","meta":{"footnotes":""},"categories":[49,1],"tags":[101],"class_list":["post-503","post","type-post","status-publish","format-standard","hentry","category-ruokailutila","category-koti","tag-miten-tutorial"],"yoast_head":"<!-- This site is optimized with the Yoast SEO plugin v24.7 - https:\/\/yoast.com\/wordpress\/plugins\/seo\/ -->\n<title>VINKIT RUOKAP\u00d6YD\u00c4N VALINTAAN : MUSTAOVI - Vuoden 2016 ja 2017 sisustusblogi<\/title>\n<meta name=\"robots\" content=\"index, follow, max-snippet:-1, max-image-preview:large, max-video-preview:-1\" \/>\n<link rel=\"canonical\" href=\"https:\/\/www.marjawickman.com\/mustaovi\/2017\/02\/vinkit-ruokapoydan-valintaan.html\" \/>\n<meta property=\"og:locale\" content=\"fi_FI\" \/>\n<meta property=\"og:type\" content=\"article\" \/>\n<meta property=\"og:title\" content=\"VINKIT RUOKAP\u00d6YD\u00c4N VALINTAAN : MUSTAOVI - Vuoden 2016 ja 2017 sisustusblogi\" \/>\n<meta property=\"og:description\" content=\"Puuta, lasia vai jotain ihan muuta? Sopisiko tilaan parhaiten py\u00f6re\u00e4 p\u00f6yt\u00e4 vai olisiko suorakaide sittenkin parempi vaihtoehto. Kuinka monta henkil\u00f6\u00e4 p\u00f6yd\u00e4n \u00e4\u00e4reen pit\u00e4\u00e4k\u00e4\u00e4n mahtua yht\u00e4 aikaa sy\u00f6m\u00e4\u00e4n? P\u00f6yd\u00e4njalat voivat vaikuttaa yll\u00e4tt\u00e4v\u00e4n paljon siihen, kuinka monta&hellip;\" \/>\n<meta property=\"og:url\" content=\"https:\/\/www.marjawickman.com\/mustaovi\/2017\/02\/vinkit-ruokapoydan-valintaan.html\" \/>\n<meta property=\"og:site_name\" content=\"MUSTAOVI - Vuoden 2016 ja 2017 sisustusblogi\" \/>\n<meta property=\"article:published_time\" content=\"2017-02-07T15:52:00+00:00\" \/>\n<meta property=\"article:modified_time\" content=\"2020-09-26T13:31:41+00:00\" \/>\n<meta property=\"og:image\" content=\"https:\/\/www.marjawickman.com\/mustaovi\/wp-content\/uploads\/2017\/02\/Copyrights_Mustaovi_6-1440x959.jpg\" \/>\n<meta name=\"author\" content=\"marja\" \/>\n<meta name=\"twitter:card\" content=\"summary_large_image\" \/>\n<meta name=\"twitter:label1\" content=\"Kirjoittanut\" \/>\n\t<meta name=\"twitter:data1\" content=\"marja\" \/>\n\t<meta name=\"twitter:label2\" content=\"Arvioitu lukuaika\" \/>\n\t<meta name=\"twitter:data2\" content=\"2 minuuttia\" \/>\n<script type=\"application\/ld+json\" class=\"yoast-schema-graph\">{\"@context\":\"https:\/\/schema.org\",\"@graph\":[{\"@type\":\"Article\",\"@id\":\"https:\/\/www.marjawickman.com\/mustaovi\/2017\/02\/vinkit-ruokapoydan-valintaan.html#article\",\"isPartOf\":{\"@id\":\"https:\/\/www.marjawickman.com\/mustaovi\/2017\/02\/vinkit-ruokapoydan-valintaan.html\"},\"author\":{\"name\":\"marja\",\"@id\":\"https:\/\/www.marjawickman.com\/mustaovi\/#\/schema\/person\/a3331fad26c2e4cbdd821a412dd9565d\"},\"headline\":\"VINKIT RUOKAP\u00d6YD\u00c4N VALINTAAN\",\"datePublished\":\"2017-02-07T15:52:00+00:00\",\"dateModified\":\"2020-09-26T13:31:41+00:00\",\"mainEntityOfPage\":{\"@id\":\"https:\/\/www.marjawickman.com\/mustaovi\/2017\/02\/vinkit-ruokapoydan-valintaan.html\"},\"wordCount\":389,\"commentCount\":8,\"publisher\":{\"@id\":\"https:\/\/www.marjawickman.com\/mustaovi\/#\/schema\/person\/a3331fad26c2e4cbdd821a412dd9565d\"},\"image\":{\"@id\":\"https:\/\/www.marjawickman.com\/mustaovi\/2017\/02\/vinkit-ruokapoydan-valintaan.html#primaryimage\"},\"thumbnailUrl\":\"https:\/\/www.marjawickman.com\/mustaovi\/wp-content\/uploads\/2017\/02\/Copyrights_Mustaovi_6-1440x959.jpg\",\"keywords\":[\"miten-tutorial\"],\"articleSection\":[\"ruokailutila\",\"SISUSTUS\"],\"inLanguage\":\"fi\",\"potentialAction\":[{\"@type\":\"CommentAction\",\"name\":\"Comment\",\"target\":[\"https:\/\/www.marjawickman.com\/mustaovi\/2017\/02\/vinkit-ruokapoydan-valintaan.html#respond\"]}]},{\"@type\":\"WebPage\",\"@id\":\"https:\/\/www.marjawickman.com\/mustaovi\/2017\/02\/vinkit-ruokapoydan-valintaan.html\",\"url\":\"https:\/\/www.marjawickman.com\/mustaovi\/2017\/02\/vinkit-ruokapoydan-valintaan.html\",\"name\":\"VINKIT RUOKAP\u00d6YD\u00c4N VALINTAAN : MUSTAOVI - Vuoden 2016 ja 2017 sisustusblogi\",\"isPartOf\":{\"@id\":\"https:\/\/www.marjawickman.com\/mustaovi\/#website\"},\"primaryImageOfPage\":{\"@id\":\"https:\/\/www.marjawickman.com\/mustaovi\/2017\/02\/vinkit-ruokapoydan-valintaan.html#primaryimage\"},\"image\":{\"@id\":\"https:\/\/www.marjawickman.com\/mustaovi\/2017\/02\/vinkit-ruokapoydan-valintaan.html#primaryimage\"},\"thumbnailUrl\":\"https:\/\/www.marjawickman.com\/mustaovi\/wp-content\/uploads\/2017\/02\/Copyrights_Mustaovi_6-1440x959.jpg\",\"datePublished\":\"2017-02-07T15:52:00+00:00\",\"dateModified\":\"2020-09-26T13:31:41+00:00\",\"breadcrumb\":{\"@id\":\"https:\/\/www.marjawickman.com\/mustaovi\/2017\/02\/vinkit-ruokapoydan-valintaan.html#breadcrumb\"},\"inLanguage\":\"fi\",\"potentialAction\":[{\"@type\":\"ReadAction\",\"target\":[\"https:\/\/www.marjawickman.com\/mustaovi\/2017\/02\/vinkit-ruokapoydan-valintaan.html\"]}]},{\"@type\":\"ImageObject\",\"inLanguage\":\"fi\",\"@id\":\"https:\/\/www.marjawickman.com\/mustaovi\/2017\/02\/vinkit-ruokapoydan-valintaan.html#primaryimage\",\"url\":\"https:\/\/www.marjawickman.com\/mustaovi\/wp-content\/uploads\/2017\/02\/Copyrights_Mustaovi_6-1440x959.jpg\",\"contentUrl\":\"https:\/\/www.marjawickman.com\/mustaovi\/wp-content\/uploads\/2017\/02\/Copyrights_Mustaovi_6-1440x959.jpg\"},{\"@type\":\"BreadcrumbList\",\"@id\":\"https:\/\/www.marjawickman.com\/mustaovi\/2017\/02\/vinkit-ruokapoydan-valintaan.html#breadcrumb\",\"itemListElement\":[{\"@type\":\"ListItem\",\"position\":1,\"name\":\"Home\",\"item\":\"https:\/\/www.marjawickman.com\/mustaovi\"},{\"@type\":\"ListItem\",\"position\":2,\"name\":\"VINKIT RUOKAP\u00d6YD\u00c4N VALINTAAN\"}]},{\"@type\":\"WebSite\",\"@id\":\"https:\/\/www.marjawickman.com\/mustaovi\/#website\",\"url\":\"https:\/\/www.marjawickman.com\/mustaovi\/\",\"name\":\"MUSTAOVI - Vuoden 2016 ja 2017 sisustusblogi\",\"description\":\"\",\"publisher\":{\"@id\":\"https:\/\/www.marjawickman.com\/mustaovi\/#\/schema\/person\/a3331fad26c2e4cbdd821a412dd9565d\"},\"potentialAction\":[{\"@type\":\"SearchAction\",\"target\":{\"@type\":\"EntryPoint\",\"urlTemplate\":\"https:\/\/www.marjawickman.com\/mustaovi\/?s={search_term_string}\"},\"query-input\":{\"@type\":\"PropertyValueSpecification\",\"valueRequired\":true,\"valueName\":\"search_term_string\"}}],\"inLanguage\":\"fi\"},{\"@type\":[\"Person\",\"Organization\"],\"@id\":\"https:\/\/www.marjawickman.com\/mustaovi\/#\/schema\/person\/a3331fad26c2e4cbdd821a412dd9565d\",\"name\":\"marja\",\"image\":{\"@type\":\"ImageObject\",\"inLanguage\":\"fi\",\"@id\":\"https:\/\/www.marjawickman.com\/mustaovi\/#\/schema\/person\/image\/\",\"url\":\"https:\/\/secure.gravatar.com\/avatar\/5eb2e8be43d452c382f583136174e55d?s=96&d=mm&r=g\",\"contentUrl\":\"https:\/\/secure.gravatar.com\/avatar\/5eb2e8be43d452c382f583136174e55d?s=96&d=mm&r=g\",\"caption\":\"marja\"},\"logo\":{\"@id\":\"https:\/\/www.marjawickman.com\/mustaovi\/#\/schema\/person\/image\/\"},\"description\":\"My name is Maja and this is my blog Musta ovi. The blog is all about a house building, scandinavian design and a loft style. I'll share things and thoughts I like and get inspired.\",\"url\":\"https:\/\/www.marjawickman.com\/mustaovi\/author\/admin\"}]}<\/script>\n<!-- \/ Yoast SEO plugin. -->","yoast_head_json":{"title":"VINKIT RUOKAP\u00d6YD\u00c4N VALINTAAN : MUSTAOVI - Vuoden 2016 ja 2017 sisustusblogi","robots":{"index":"index","follow":"follow","max-snippet":"max-snippet:-1","max-image-preview":"max-image-preview:large","max-video-preview":"max-video-preview:-1"},"canonical":"https:\/\/www.marjawickman.com\/mustaovi\/2017\/02\/vinkit-ruokapoydan-valintaan.html","og_locale":"fi_FI","og_type":"article","og_title":"VINKIT RUOKAP\u00d6YD\u00c4N VALINTAAN : MUSTAOVI - Vuoden 2016 ja 2017 sisustusblogi","og_description":"Puuta, lasia vai jotain ihan muuta? Sopisiko tilaan parhaiten py\u00f6re\u00e4 p\u00f6yt\u00e4 vai olisiko suorakaide sittenkin parempi vaihtoehto. Kuinka monta henkil\u00f6\u00e4 p\u00f6yd\u00e4n \u00e4\u00e4reen pit\u00e4\u00e4k\u00e4\u00e4n mahtua yht\u00e4 aikaa sy\u00f6m\u00e4\u00e4n? P\u00f6yd\u00e4njalat voivat vaikuttaa yll\u00e4tt\u00e4v\u00e4n paljon siihen, kuinka monta&hellip;","og_url":"https:\/\/www.marjawickman.com\/mustaovi\/2017\/02\/vinkit-ruokapoydan-valintaan.html","og_site_name":"MUSTAOVI - Vuoden 2016 ja 2017 sisustusblogi","article_published_time":"2017-02-07T15:52:00+00:00","article_modified_time":"2020-09-26T13:31:41+00:00","og_image":[{"url":"https:\/\/www.marjawickman.com\/mustaovi\/wp-content\/uploads\/2017\/02\/Copyrights_Mustaovi_6-1440x959.jpg","type":"","width":"","height":""}],"author":"marja","twitter_card":"summary_large_image","twitter_misc":{"Kirjoittanut":"marja","Arvioitu lukuaika":"2 minuuttia"},"schema":{"@context":"https:\/\/schema.org","@graph":[{"@type":"Article","@id":"https:\/\/www.marjawickman.com\/mustaovi\/2017\/02\/vinkit-ruokapoydan-valintaan.html#article","isPartOf":{"@id":"https:\/\/www.marjawickman.com\/mustaovi\/2017\/02\/vinkit-ruokapoydan-valintaan.html"},"author":{"name":"marja","@id":"https:\/\/www.marjawickman.com\/mustaovi\/#\/schema\/person\/a3331fad26c2e4cbdd821a412dd9565d"},"headline":"VINKIT RUOKAP\u00d6YD\u00c4N VALINTAAN","datePublished":"2017-02-07T15:52:00+00:00","dateModified":"2020-09-26T13:31:41+00:00","mainEntityOfPage":{"@id":"https:\/\/www.marjawickman.com\/mustaovi\/2017\/02\/vinkit-ruokapoydan-valintaan.html"},"wordCount":389,"commentCount":8,"publisher":{"@id":"https:\/\/www.marjawickman.com\/mustaovi\/#\/schema\/person\/a3331fad26c2e4cbdd821a412dd9565d"},"image":{"@id":"https:\/\/www.marjawickman.com\/mustaovi\/2017\/02\/vinkit-ruokapoydan-valintaan.html#primaryimage"},"thumbnailUrl":"https:\/\/www.marjawickman.com\/mustaovi\/wp-content\/uploads\/2017\/02\/Copyrights_Mustaovi_6-1440x959.jpg","keywords":["miten-tutorial"],"articleSection":["ruokailutila","SISUSTUS"],"inLanguage":"fi","potentialAction":[{"@type":"CommentAction","name":"Comment","target":["https:\/\/www.marjawickman.com\/mustaovi\/2017\/02\/vinkit-ruokapoydan-valintaan.html#respond"]}]},{"@type":"WebPage","@id":"https:\/\/www.marjawickman.com\/mustaovi\/2017\/02\/vinkit-ruokapoydan-valintaan.html","url":"https:\/\/www.marjawickman.com\/mustaovi\/2017\/02\/vinkit-ruokapoydan-valintaan.html","name":"VINKIT RUOKAP\u00d6YD\u00c4N VALINTAAN : MUSTAOVI - Vuoden 2016 ja 2017 sisustusblogi","isPartOf":{"@id":"https:\/\/www.marjawickman.com\/mustaovi\/#website"},"primaryImageOfPage":{"@id":"https:\/\/www.marjawickman.com\/mustaovi\/2017\/02\/vinkit-ruokapoydan-valintaan.html#primaryimage"},"image":{"@id":"https:\/\/www.marjawickman.com\/mustaovi\/2017\/02\/vinkit-ruokapoydan-valintaan.html#primaryimage"},"thumbnailUrl":"https:\/\/www.marjawickman.com\/mustaovi\/wp-content\/uploads\/2017\/02\/Copyrights_Mustaovi_6-1440x959.jpg","datePublished":"2017-02-07T15:52:00+00:00","dateModified":"2020-09-26T13:31:41+00:00","breadcrumb":{"@id":"https:\/\/www.marjawickman.com\/mustaovi\/2017\/02\/vinkit-ruokapoydan-valintaan.html#breadcrumb"},"inLanguage":"fi","potentialAction":[{"@type":"ReadAction","target":["https:\/\/www.marjawickman.com\/mustaovi\/2017\/02\/vinkit-ruokapoydan-valintaan.html"]}]},{"@type":"ImageObject","inLanguage":"fi","@id":"https:\/\/www.marjawickman.com\/mustaovi\/2017\/02\/vinkit-ruokapoydan-valintaan.html#primaryimage","url":"https:\/\/www.marjawickman.com\/mustaovi\/wp-content\/uploads\/2017\/02\/Copyrights_Mustaovi_6-1440x959.jpg","contentUrl":"https:\/\/www.marjawickman.com\/mustaovi\/wp-content\/uploads\/2017\/02\/Copyrights_Mustaovi_6-1440x959.jpg"},{"@type":"BreadcrumbList","@id":"https:\/\/www.marjawickman.com\/mustaovi\/2017\/02\/vinkit-ruokapoydan-valintaan.html#breadcrumb","itemListElement":[{"@type":"ListItem","position":1,"name":"Home","item":"https:\/\/www.marjawickman.com\/mustaovi"},{"@type":"ListItem","position":2,"name":"VINKIT RUOKAP\u00d6YD\u00c4N VALINTAAN"}]},{"@type":"WebSite","@id":"https:\/\/www.marjawickman.com\/mustaovi\/#website","url":"https:\/\/www.marjawickman.com\/mustaovi\/","name":"MUSTAOVI - Vuoden 2016 ja 2017 sisustusblogi","description":"","publisher":{"@id":"https:\/\/www.marjawickman.com\/mustaovi\/#\/schema\/person\/a3331fad26c2e4cbdd821a412dd9565d"},"potentialAction":[{"@type":"SearchAction","target":{"@type":"EntryPoint","urlTemplate":"https:\/\/www.marjawickman.com\/mustaovi\/?s={search_term_string}"},"query-input":{"@type":"PropertyValueSpecification","valueRequired":true,"valueName":"search_term_string"}}],"inLanguage":"fi"},{"@type":["Person","Organization"],"@id":"https:\/\/www.marjawickman.com\/mustaovi\/#\/schema\/person\/a3331fad26c2e4cbdd821a412dd9565d","name":"marja","image":{"@type":"ImageObject","inLanguage":"fi","@id":"https:\/\/www.marjawickman.com\/mustaovi\/#\/schema\/person\/image\/","url":"https:\/\/secure.gravatar.com\/avatar\/5eb2e8be43d452c382f583136174e55d?s=96&d=mm&r=g","contentUrl":"https:\/\/secure.gravatar.com\/avatar\/5eb2e8be43d452c382f583136174e55d?s=96&d=mm&r=g","caption":"marja"},"logo":{"@id":"https:\/\/www.marjawickman.com\/mustaovi\/#\/schema\/person\/image\/"},"description":"My name is Maja and this is my blog Musta ovi. The blog is all about a house building, scandinavian design and a loft style. I'll share things and thoughts I like and get inspired.","url":"https:\/\/www.marjawickman.com\/mustaovi\/author\/admin"}]}},"_links":{"self":[{"href":"https:\/\/www.marjawickman.com\/mustaovi\/wp-json\/wp\/v2\/posts\/503","targetHints":{"allow":["GET"]}}],"collection":[{"href":"https:\/\/www.marjawickman.com\/mustaovi\/wp-json\/wp\/v2\/posts"}],"about":[{"href":"https:\/\/www.marjawickman.com\/mustaovi\/wp-json\/wp\/v2\/types\/post"}],"author":[{"embeddable":true,"href":"https:\/\/www.marjawickman.com\/mustaovi\/wp-json\/wp\/v2\/users\/1"}],"replies":[{"embeddable":true,"href":"https:\/\/www.marjawickman.com\/mustaovi\/wp-json\/wp\/v2\/comments?post=503"}],"version-history":[{"count":1,"href":"https:\/\/www.marjawickman.com\/mustaovi\/wp-json\/wp\/v2\/posts\/503\/revisions"}],"predecessor-version":[{"id":2534,"href":"https:\/\/www.marjawickman.com\/mustaovi\/wp-json\/wp\/v2\/posts\/503\/revisions\/2534"}],"wp:attachment":[{"href":"https:\/\/www.marjawickman.com\/mustaovi\/wp-json\/wp\/v2\/media?parent=503"}],"wp:term":[{"taxonomy":"category","embeddable":true,"href":"https:\/\/www.marjawickman.com\/mustaovi\/wp-json\/wp\/v2\/categories?post=503"},{"taxonomy":"post_tag","embeddable":true,"href":"https:\/\/www.marjawickman.com\/mustaovi\/wp-json\/wp\/v2\/tags?post=503"}],"curies":[{"name":"wp","href":"https:\/\/api.w.org\/{rel}","templated":true}]}}